{"id":10845,"date":"2025-12-03T11:49:13","date_gmt":"2025-12-03T10:49:13","guid":{"rendered":"https:\/\/www.festivalcinemaenliberte.com\/?p=10845"},"modified":"2026-02-14T18:14:25","modified_gmt":"2026-02-14T17:14:25","slug":"var-matin-parle-de-nous","status":"publish","type":"post","link":"https:\/\/www.festivalcinemaenliberte.com\/index.php\/2025\/12\/03\/var-matin-parle-de-nous\/","title":{"rendered":"Var-Matin parle de nous !"},"content":{"rendered":"\t\t<div data-elementor-type=\"wp-post\" data-elementor-id=\"10845\" class=\"elementor elementor-10845\">\n\t\t\t\t<div class=\"elementor-element elementor-element-0dd2beb e-flex e-con-boxed wpr-particle-no wpr-jarallax-no wpr-parallax-no wpr-sticky-section-no wpr-equal-height-no e-con e-parent\" data-id=\"0dd2beb\" data-element_type=\"container\" data-e-type=\"container\">\n\t\t\t\t\t<div class=\"e-con-inner\">\n\t\t\t\t<div class=\"elementor-element elementor-element-87d419d elementor-widget elementor-widget-spacer\" data-id=\"87d419d\" data-element_type=\"widget\" data-e-type=\"widget\" data-widget_type=\"spacer.default\">\n\t\t\t\t<div class=\"elementor-widget-container\">\n\t\t\t\t\t\t\t<div class=\"elementor-spacer\">\n\t\t\t<div class=\"elementor-spacer-inner\"><\/div>\n\t\t<\/div>\n\t\t\t\t\t\t<\/div>\n\t\t\t\t<\/div>\n\t\t\t\t\t<\/div>\n\t\t\t\t<\/div>\n\t\t<div class=\"elementor-element elementor-element-92fc01d e-flex e-con-boxed wpr-particle-no wpr-jarallax-no wpr-parallax-no wpr-sticky-section-no wpr-equal-height-no e-con e-parent\" data-id=\"92fc01d\" data-element_type=\"container\" data-e-type=\"container\">\n\t\t\t\t\t<div class=\"e-con-inner\">\n\t\t\t\t<div class=\"elementor-element elementor-element-d5b1d4e elementor-widget elementor-widget-text-editor\" data-id=\"d5b1d4e\" data-element_type=\"widget\" data-e-type=\"widget\" data-widget_type=\"text-editor.default\">\n\t\t\t\t<div class=\"elementor-widget-container\">\n\t\t\t\t\t\t\t\t\t<p>Afin de mettre en valeur les actions men\u00e9es r\u00e9cemment, nous partageons ici un extrait de l\u2019article que Var-Matin nous a consacr\u00e9. Cet article revient sur notre d\u00e9marche et sur les initiatives mises en place.<\/p><p>Vous pouvez lire l\u2019extrait ci-dessous et acc\u00e9der \u00e0 la version compl\u00e8te <a href=\"https:\/\/www.nicematin.com\/economie\/emploi\/la-mission-locale-ouest-haut-var-organise-une-semaine-d-actions-pour-sensibiliser-jeunes-et-employeurs-a-brignoles-et-saint-maximin-10658541\" target=\"_blank\" rel=\"noopener\">en cliquant ici<\/a>\u00a0<\/p>\t\t\t\t\t\t\t\t<\/div>\n\t\t\t\t<\/div>\n\t\t\t\t\t<\/div>\n\t\t\t\t<\/div>\n\t\t<div class=\"elementor-element elementor-element-3fc9c35 e-flex e-con-boxed wpr-particle-no wpr-jarallax-no wpr-parallax-no wpr-sticky-section-no wpr-equal-height-no e-con e-parent\" data-id=\"3fc9c35\" data-element_type=\"container\" data-e-type=\"container\">\n\t\t\t\t\t<div class=\"e-con-inner\">\n\t\t\t\t<div class=\"elementor-element elementor-element-4094767 elementor-widget elementor-widget-spacer\" data-id=\"4094767\" data-element_type=\"widget\" data-e-type=\"widget\" data-widget_type=\"spacer.default\">\n\t\t\t\t<div class=\"elementor-widget-container\">\n\t\t\t\t\t\t\t<div class=\"elementor-spacer\">\n\t\t\t<div class=\"elementor-spacer-inner\"><\/div>\n\t\t<\/div>\n\t\t\t\t\t\t<\/div>\n\t\t\t\t<\/div>\n\t\t\t\t\t<\/div>\n\t\t\t\t<\/div>\n\t\t<div class=\"elementor-element elementor-element-96e88d9 e-flex e-con-boxed wpr-particle-no wpr-jarallax-no wpr-parallax-no wpr-sticky-section-no wpr-equal-height-no e-con e-parent\" data-id=\"96e88d9\" data-element_type=\"container\" data-e-type=\"container\">\n\t\t\t\t\t<div class=\"e-con-inner\">\n\t\t\t\t<div class=\"elementor-element elementor-element-5503211 elementor-widget elementor-widget-heading\" data-id=\"5503211\" data-element_type=\"widget\" data-e-type=\"widget\" data-widget_type=\"heading.default\">\n\t\t\t\t<div class=\"elementor-widget-container\">\n\t\t\t\t\t<h2 class=\"elementor-heading-title elementor-size-default\">La Mission locale Ouest haut Var organise une semaine d\u2019actions pour sensibiliser jeunes et employeurs \u00e0 Brignoles et Saint-Maximin <\/h2>\t\t\t\t<\/div>\n\t\t\t\t<\/div>\n\t\t\t\t\t<\/div>\n\t\t\t\t<\/div>\n\t\t<div class=\"elementor-element elementor-element-e961aca e-flex e-con-boxed wpr-particle-no wpr-jarallax-no wpr-parallax-no wpr-sticky-section-no wpr-equal-height-no e-con e-parent\" data-id=\"e961aca\" data-element_type=\"container\" data-e-type=\"container\">\n\t\t\t\t\t<div class=\"e-con-inner\">\n\t\t\t\t<div class=\"elementor-element elementor-element-8e02417 elementor-widget elementor-widget-text-editor\" data-id=\"8e02417\" data-element_type=\"widget\" data-e-type=\"widget\" data-widget_type=\"text-editor.default\">\n\t\t\t\t<div class=\"elementor-widget-container\">\n\t\t\t\t\t\t\t\t\t<p>La Mission locale Ouest haut Var organise du 2 au 5 d\u00e9cembre une semaine d\u2019actions \u00e0 Brignoles et Saint-Maximin pour sensibiliser jeunes, partenaires et employeurs aux discriminations.<\/p>\t\t\t\t\t\t\t\t<\/div>\n\t\t\t\t<\/div>\n\t\t\t\t\t<\/div>\n\t\t\t\t<\/div>\n\t\t<div class=\"elementor-element elementor-element-bce32ac e-flex e-con-boxed wpr-particle-no wpr-jarallax-no wpr-parallax-no wpr-sticky-section-no wpr-equal-height-no e-con e-parent\" data-id=\"bce32ac\" data-element_type=\"container\" data-e-type=\"container\">\n\t\t\t\t\t<div class=\"e-con-inner\">\n\t\t\t\t<div class=\"elementor-element elementor-element-db1e713 elementor-widget elementor-widget-spacer\" data-id=\"db1e713\" data-element_type=\"widget\" data-e-type=\"widget\" data-widget_type=\"spacer.default\">\n\t\t\t\t<div class=\"elementor-widget-container\">\n\t\t\t\t\t\t\t<div class=\"elementor-spacer\">\n\t\t\t<div class=\"elementor-spacer-inner\"><\/div>\n\t\t<\/div>\n\t\t\t\t\t\t<\/div>\n\t\t\t\t<\/div>\n\t\t\t\t\t<\/div>\n\t\t\t\t<\/div>\n\t\t<div class=\"elementor-element elementor-element-fc4f99a e-flex e-con-boxed wpr-particle-no wpr-jarallax-no wpr-parallax-no wpr-sticky-section-no wpr-equal-height-no e-con e-parent\" data-id=\"fc4f99a\" data-element_type=\"container\" data-e-type=\"container\">\n\t\t\t\t\t<div class=\"e-con-inner\">\n\t\t\t\t<div class=\"elementor-element elementor-element-1b37291 elementor-widget elementor-widget-text-editor\" data-id=\"1b37291\" data-element_type=\"widget\" data-e-type=\"widget\" data-widget_type=\"text-editor.default\">\n\t\t\t\t<div class=\"elementor-widget-container\">\n\t\t\t\t\t\t\t\t\t<p>Article \u00e9crit par J\u00e9r\u00e9my Pastor dans Var-Matin.<\/p>\t\t\t\t\t\t\t\t<\/div>\n\t\t\t\t<\/div>\n\t\t\t\t\t<\/div>\n\t\t\t\t<\/div>\n\t\t<div class=\"elementor-element elementor-element-3b399aa e-flex e-con-boxed wpr-particle-no wpr-jarallax-no wpr-parallax-no wpr-sticky-section-no wpr-equal-height-no e-con e-parent\" data-id=\"3b399aa\" data-element_type=\"container\" data-e-type=\"container\">\n\t\t\t\t\t<div class=\"e-con-inner\">\n\t\t\t\t<div class=\"elementor-element elementor-element-b71b29c elementor-widget elementor-widget-image\" data-id=\"b71b29c\" data-element_type=\"widget\" data-e-type=\"widget\" data-widget_type=\"image.default\">\n\t\t\t\t<div class=\"elementor-widget-container\">\n\t\t\t\t\t\t\t\t\t\t\t\t\t\t\t<img fetchpriority=\"high\" decoding=\"async\" width=\"1024\" height=\"683\" src=\"https:\/\/www.festivalcinemaenliberte.com\/wp-content\/uploads\/2025\/12\/ARTVIEW-10658541-1128-752-a457ec3_upload-from-url-1-dd40uwexhxj3-data-art-16682968-1024x683.webp\" class=\"attachment-large size-large wp-image-10846\" alt=\"\" srcset=\"https:\/\/www.festivalcinemaenliberte.com\/wp-content\/uploads\/2025\/12\/ARTVIEW-10658541-1128-752-a457ec3_upload-from-url-1-dd40uwexhxj3-data-art-16682968-1024x683.webp 1024w, https:\/\/www.festivalcinemaenliberte.com\/wp-content\/uploads\/2025\/12\/ARTVIEW-10658541-1128-752-a457ec3_upload-from-url-1-dd40uwexhxj3-data-art-16682968-300x200.webp 300w, https:\/\/www.festivalcinemaenliberte.com\/wp-content\/uploads\/2025\/12\/ARTVIEW-10658541-1128-752-a457ec3_upload-from-url-1-dd40uwexhxj3-data-art-16682968-150x100.webp 150w, https:\/\/www.festivalcinemaenliberte.com\/wp-content\/uploads\/2025\/12\/ARTVIEW-10658541-1128-752-a457ec3_upload-from-url-1-dd40uwexhxj3-data-art-16682968-768x512.webp 768w, https:\/\/www.festivalcinemaenliberte.com\/wp-content\/uploads\/2025\/12\/ARTVIEW-10658541-1128-752-a457ec3_upload-from-url-1-dd40uwexhxj3-data-art-16682968-450x300.webp 450w, https:\/\/www.festivalcinemaenliberte.com\/wp-content\/uploads\/2025\/12\/ARTVIEW-10658541-1128-752-a457ec3_upload-from-url-1-dd40uwexhxj3-data-art-16682968.webp 1128w\" sizes=\"(max-width: 1024px) 100vw, 1024px\" \/>\t\t\t\t\t\t\t\t\t\t\t\t\t\t\t<\/div>\n\t\t\t\t<\/div>\n\t\t\t\t\t<\/div>\n\t\t\t\t<\/div>\n\t\t<div class=\"elementor-element elementor-element-83ff77e e-flex e-con-boxed wpr-particle-no wpr-jarallax-no wpr-parallax-no wpr-sticky-section-no wpr-equal-height-no e-con e-parent\" data-id=\"83ff77e\" data-element_type=\"container\" data-e-type=\"container\">\n\t\t\t\t\t<div class=\"e-con-inner\">\n\t\t\t\t<div class=\"elementor-element elementor-element-b9d0eff elementor-widget elementor-widget-text-editor\" data-id=\"b9d0eff\" data-element_type=\"widget\" data-e-type=\"widget\" data-widget_type=\"text-editor.default\">\n\t\t\t\t<div class=\"elementor-widget-container\">\n\t\t\t\t\t\t\t\t\t<p class=\"fs-5 \">La Mission Locale Ouest haut Var r\u00e9affirme son engagement contre les in\u00e9galit\u00e9s en organisant, du 2 au 5 d\u00e9cembre 2025, une nouvelle \u00e9dition de sa semaine d\u2019actions contre les discriminations. <em>\u00ab La Mission locale est signataire de la charte nationale pour lutter de fa\u00e7on syst\u00e9mique contre les discriminations \u00bb<\/em>, rappelle l\u2019organisme, qui porte cette initiative \u00e0 travers <em>\u00ab ses r\u00e9f\u00e9rents discrimination engag\u00e9s aupr\u00e8s des jeunes et des acteurs locaux \u00bb.<\/em><\/p><div id=\"ps-pave-0\" class=\"d-flex justify-content-center mb-3\"><div id=\"div-ps-ad-pave_article0\" class=\"pave-inread\">\u00a0<\/div><\/div><p class=\"fs-5 \">L\u2019objectif affich\u00e9 est clair : sensibiliser, outiller et faire r\u00e9fl\u00e9chir le plus grand nombre sur les m\u00e9canismes discriminatoires, notamment <em>\u00ab dans le monde du travail \u00bb<\/em>. La Mission locale insiste : ces actions visent \u00e0 <em>\u00ab encourager la compr\u00e9hension, la tol\u00e9rance et l\u2019action contre les in\u00e9galit\u00e9s \u00bb<\/em>.<\/p><p class=\"fs-5 \">Pour cette \u00e9dition, l\u2019\u00e9v\u00e9nement s\u2019appuie sur un large r\u00e9seau de partenaires : l\u2019Association r\u00e9gionale des Missions locales, l\u2019Agglom\u00e9ration Provence verte, Allian\u2019s, la Licra, la Dilcrah, Transmission Var, le D\u00e9fenseur des Droits et l\u2019association Cin\u00e9ma en Libert\u00e9. Une mobilisation collective destin\u00e9e \u00e0 renforcer la port\u00e9e du message.<\/p>\t\t\t\t\t\t\t\t<\/div>\n\t\t\t\t<\/div>\n\t\t\t\t\t<\/div>\n\t\t\t\t<\/div>\n\t\t<div class=\"elementor-element elementor-element-fb76307 e-flex e-con-boxed wpr-particle-no wpr-jarallax-no wpr-parallax-no wpr-sticky-section-no wpr-equal-height-no e-con e-parent\" data-id=\"fb76307\" data-element_type=\"container\" data-e-type=\"container\">\n\t\t\t\t\t<div class=\"e-con-inner\">\n\t\t\t\t<div class=\"elementor-element elementor-element-475e32f elementor-widget elementor-widget-text-editor\" data-id=\"475e32f\" data-element_type=\"widget\" data-e-type=\"widget\" data-widget_type=\"text-editor.default\">\n\t\t\t\t<div class=\"elementor-widget-container\">\n\t\t\t\t\t\t\t\t\t<p><a href=\"https:\/\/www.nicematin.com\/economie\/emploi\/la-mission-locale-ouest-haut-var-organise-une-semaine-d-actions-pour-sensibiliser-jeunes-et-employeurs-a-brignoles-et-saint-maximin-10658541\" target=\"_blank\" rel=\"noopener\">Retrouvez l\u2019int\u00e9gralit\u00e9 de l\u2019article sur la page de Var-Matin.<\/a><\/p>\t\t\t\t\t\t\t\t<\/div>\n\t\t\t\t<\/div>\n\t\t\t\t\t<\/div>\n\t\t\t\t<\/div>\n\t\t\t\t<\/div>\n\t\t","protected":false},"excerpt":{"rendered":"<p>Afin de mettre en valeur les actions men\u00e9es r\u00e9cemment, nous partageons ici un extrait de l\u2019article que Var-Matin nous a consacr\u00e9. Cet article revient sur notre d\u00e9marche et sur les &hellip;<\/p>\n","protected":false},"author":1,"featured_media":10853,"comment_status":"closed","ping_status":"open","sticky":false,"template":"","format":"standard","meta":{"footnotes":""},"categories":[5],"tags":[],"class_list":["post-10845","post","type-post","status-publish","format-standard","has-post-thumbnail","hentry","category-actualites"],"yoast_head":"<!-- This site is optimized with the Yoast SEO plugin v27.4 - https:\/\/yoast.com\/product\/yoast-seo-wordpress\/ -->\n<title>Var-Matin parle de nous ! - Festival Cin\u00e9ma en libert\u00e9<\/title>\n<meta name=\"robots\" content=\"index, follow, max-snippet:-1, max-image-preview:large, max-video-preview:-1\" \/>\n<link rel=\"canonical\" href=\"https:\/\/www.festivalcinemaenliberte.com\/index.php\/2025\/12\/03\/var-matin-parle-de-nous\/\" \/>\n<meta property=\"og:locale\" content=\"fr_FR\" \/>\n<meta property=\"og:type\" content=\"article\" \/>\n<meta property=\"og:title\" content=\"Var-Matin parle de nous ! - Festival Cin\u00e9ma en libert\u00e9\" \/>\n<meta property=\"og:description\" content=\"Afin de mettre en valeur les actions men\u00e9es r\u00e9cemment, nous partageons ici un extrait de l\u2019article que Var-Matin nous a consacr\u00e9. Cet article revient sur notre d\u00e9marche et sur les &hellip;\" \/>\n<meta property=\"og:url\" content=\"https:\/\/www.festivalcinemaenliberte.com\/index.php\/2025\/12\/03\/var-matin-parle-de-nous\/\" \/>\n<meta property=\"og:site_name\" content=\"Festival Cin\u00e9ma en libert\u00e9\" \/>\n<meta property=\"article:publisher\" content=\"https:\/\/www.facebook.com\/cinemaenliberte\" \/>\n<meta property=\"article:published_time\" content=\"2025-12-03T10:49:13+00:00\" \/>\n<meta property=\"article:modified_time\" content=\"2026-02-14T17:14:25+00:00\" \/>\n<meta property=\"og:image\" content=\"https:\/\/www.festivalcinemaenliberte.com\/wp-content\/uploads\/2025\/12\/visuvar.webp\" \/>\n\t<meta property=\"og:image:width\" content=\"600\" \/>\n\t<meta property=\"og:image:height\" content=\"600\" \/>\n\t<meta property=\"og:image:type\" content=\"image\/jpeg\" \/>\n<meta name=\"author\" content=\"Festival Cin\u00e9ma en libert\u00e9\" \/>\n<meta name=\"twitter:card\" content=\"summary_large_image\" \/>\n<meta name=\"twitter:label1\" content=\"\u00c9crit par\" \/>\n\t<meta name=\"twitter:data1\" content=\"Festival Cin\u00e9ma en libert\u00e9\" \/>\n\t<meta name=\"twitter:label2\" content=\"Dur\u00e9e de lecture estim\u00e9e\" \/>\n\t<meta name=\"twitter:data2\" content=\"2 minutes\" \/>\n<script type=\"application\/ld+json\" class=\"yoast-schema-graph\">{\"@context\":\"https:\\\/\\\/schema.org\",\"@graph\":[{\"@type\":\"Article\",\"@id\":\"https:\\\/\\\/www.festivalcinemaenliberte.com\\\/index.php\\\/2025\\\/12\\\/03\\\/var-matin-parle-de-nous\\\/#article\",\"isPartOf\":{\"@id\":\"https:\\\/\\\/www.festivalcinemaenliberte.com\\\/index.php\\\/2025\\\/12\\\/03\\\/var-matin-parle-de-nous\\\/\"},\"author\":{\"name\":\"Festival Cin\u00e9ma en libert\u00e9\",\"@id\":\"https:\\\/\\\/www.festivalcinemaenliberte.com\\\/#\\\/schema\\\/person\\\/5caa25fe2910c389ebac9c457ed7d7ec\"},\"headline\":\"Var-Matin parle de nous !\",\"datePublished\":\"2025-12-03T10:49:13+00:00\",\"dateModified\":\"2026-02-14T17:14:25+00:00\",\"mainEntityOfPage\":{\"@id\":\"https:\\\/\\\/www.festivalcinemaenliberte.com\\\/index.php\\\/2025\\\/12\\\/03\\\/var-matin-parle-de-nous\\\/\"},\"wordCount\":305,\"publisher\":{\"@id\":\"https:\\\/\\\/www.festivalcinemaenliberte.com\\\/#organization\"},\"image\":{\"@id\":\"https:\\\/\\\/www.festivalcinemaenliberte.com\\\/index.php\\\/2025\\\/12\\\/03\\\/var-matin-parle-de-nous\\\/#primaryimage\"},\"thumbnailUrl\":\"https:\\\/\\\/www.festivalcinemaenliberte.com\\\/wp-content\\\/uploads\\\/2025\\\/12\\\/visuvar.webp\",\"articleSection\":[\"Actualit\u00e9s\"],\"inLanguage\":\"fr-FR\"},{\"@type\":\"WebPage\",\"@id\":\"https:\\\/\\\/www.festivalcinemaenliberte.com\\\/index.php\\\/2025\\\/12\\\/03\\\/var-matin-parle-de-nous\\\/\",\"url\":\"https:\\\/\\\/www.festivalcinemaenliberte.com\\\/index.php\\\/2025\\\/12\\\/03\\\/var-matin-parle-de-nous\\\/\",\"name\":\"Var-Matin parle de nous ! - Festival Cin\u00e9ma en libert\u00e9\",\"isPartOf\":{\"@id\":\"https:\\\/\\\/www.festivalcinemaenliberte.com\\\/#website\"},\"primaryImageOfPage\":{\"@id\":\"https:\\\/\\\/www.festivalcinemaenliberte.com\\\/index.php\\\/2025\\\/12\\\/03\\\/var-matin-parle-de-nous\\\/#primaryimage\"},\"image\":{\"@id\":\"https:\\\/\\\/www.festivalcinemaenliberte.com\\\/index.php\\\/2025\\\/12\\\/03\\\/var-matin-parle-de-nous\\\/#primaryimage\"},\"thumbnailUrl\":\"https:\\\/\\\/www.festivalcinemaenliberte.com\\\/wp-content\\\/uploads\\\/2025\\\/12\\\/visuvar.webp\",\"datePublished\":\"2025-12-03T10:49:13+00:00\",\"dateModified\":\"2026-02-14T17:14:25+00:00\",\"breadcrumb\":{\"@id\":\"https:\\\/\\\/www.festivalcinemaenliberte.com\\\/index.php\\\/2025\\\/12\\\/03\\\/var-matin-parle-de-nous\\\/#breadcrumb\"},\"inLanguage\":\"fr-FR\",\"potentialAction\":[{\"@type\":\"ReadAction\",\"target\":[\"https:\\\/\\\/www.festivalcinemaenliberte.com\\\/index.php\\\/2025\\\/12\\\/03\\\/var-matin-parle-de-nous\\\/\"]}]},{\"@type\":\"ImageObject\",\"inLanguage\":\"fr-FR\",\"@id\":\"https:\\\/\\\/www.festivalcinemaenliberte.com\\\/index.php\\\/2025\\\/12\\\/03\\\/var-matin-parle-de-nous\\\/#primaryimage\",\"url\":\"https:\\\/\\\/www.festivalcinemaenliberte.com\\\/wp-content\\\/uploads\\\/2025\\\/12\\\/visuvar.webp\",\"contentUrl\":\"https:\\\/\\\/www.festivalcinemaenliberte.com\\\/wp-content\\\/uploads\\\/2025\\\/12\\\/visuvar.webp\",\"width\":600,\"height\":600},{\"@type\":\"BreadcrumbList\",\"@id\":\"https:\\\/\\\/www.festivalcinemaenliberte.com\\\/index.php\\\/2025\\\/12\\\/03\\\/var-matin-parle-de-nous\\\/#breadcrumb\",\"itemListElement\":[{\"@type\":\"ListItem\",\"position\":1,\"name\":\"Accueil\",\"item\":\"https:\\\/\\\/www.festivalcinemaenliberte.com\\\/\"},{\"@type\":\"ListItem\",\"position\":2,\"name\":\"Var-Matin parle de nous !\"}]},{\"@type\":\"WebSite\",\"@id\":\"https:\\\/\\\/www.festivalcinemaenliberte.com\\\/#website\",\"url\":\"https:\\\/\\\/www.festivalcinemaenliberte.com\\\/\",\"name\":\"Festival international Cin\u00e9ma en libert\u00e9\",\"description\":\"Festival international de courts m\u00e9trages\",\"publisher\":{\"@id\":\"https:\\\/\\\/www.festivalcinemaenliberte.com\\\/#organization\"},\"potentialAction\":[{\"@type\":\"SearchAction\",\"target\":{\"@type\":\"EntryPoint\",\"urlTemplate\":\"https:\\\/\\\/www.festivalcinemaenliberte.com\\\/?s={search_term_string}\"},\"query-input\":{\"@type\":\"PropertyValueSpecification\",\"valueRequired\":true,\"valueName\":\"search_term_string\"}}],\"inLanguage\":\"fr-FR\"},{\"@type\":\"Organization\",\"@id\":\"https:\\\/\\\/www.festivalcinemaenliberte.com\\\/#organization\",\"name\":\"Festival international de courts m\u00e9trages Cin\u00e9ma en libert\u00e9\",\"url\":\"https:\\\/\\\/www.festivalcinemaenliberte.com\\\/\",\"logo\":{\"@type\":\"ImageObject\",\"inLanguage\":\"fr-FR\",\"@id\":\"https:\\\/\\\/www.festivalcinemaenliberte.com\\\/#\\\/schema\\\/logo\\\/image\\\/\",\"url\":\"https:\\\/\\\/www.festivalcinemaenliberte.com\\\/wp-content\\\/uploads\\\/2024\\\/05\\\/logonew3-png.webp\",\"contentUrl\":\"https:\\\/\\\/www.festivalcinemaenliberte.com\\\/wp-content\\\/uploads\\\/2024\\\/05\\\/logonew3-png.webp\",\"width\":816,\"height\":1056,\"caption\":\"Festival international de courts m\u00e9trages Cin\u00e9ma en libert\u00e9\"},\"image\":{\"@id\":\"https:\\\/\\\/www.festivalcinemaenliberte.com\\\/#\\\/schema\\\/logo\\\/image\\\/\"},\"sameAs\":[\"https:\\\/\\\/www.facebook.com\\\/cinemaenliberte\"]},{\"@type\":\"Person\",\"@id\":\"https:\\\/\\\/www.festivalcinemaenliberte.com\\\/#\\\/schema\\\/person\\\/5caa25fe2910c389ebac9c457ed7d7ec\",\"name\":\"Festival Cin\u00e9ma en libert\u00e9\",\"image\":{\"@type\":\"ImageObject\",\"inLanguage\":\"fr-FR\",\"@id\":\"https:\\\/\\\/secure.gravatar.com\\\/avatar\\\/769d1499e06617736c3fcd1168ec294cd8e6c18fc96240b14d0b7fe87e009411?s=96&d=mm&r=g\",\"url\":\"https:\\\/\\\/secure.gravatar.com\\\/avatar\\\/769d1499e06617736c3fcd1168ec294cd8e6c18fc96240b14d0b7fe87e009411?s=96&d=mm&r=g\",\"contentUrl\":\"https:\\\/\\\/secure.gravatar.com\\\/avatar\\\/769d1499e06617736c3fcd1168ec294cd8e6c18fc96240b14d0b7fe87e009411?s=96&d=mm&r=g\",\"caption\":\"Festival Cin\u00e9ma en libert\u00e9\"},\"sameAs\":[\"http:\\\/\\\/hiregxw.cluster026.hosting.ovh.net\"],\"url\":\"https:\\\/\\\/www.festivalcinemaenliberte.com\\\/index.php\\\/author\\\/admin3911\\\/\"}]}<\/script>\n<!-- \/ Yoast SEO plugin. -->","yoast_head_json":{"title":"Var-Matin parle de nous ! - Festival Cin\u00e9ma en libert\u00e9","robots":{"index":"index","follow":"follow","max-snippet":"max-snippet:-1","max-image-preview":"max-image-preview:large","max-video-preview":"max-video-preview:-1"},"canonical":"https:\/\/www.festivalcinemaenliberte.com\/index.php\/2025\/12\/03\/var-matin-parle-de-nous\/","og_locale":"fr_FR","og_type":"article","og_title":"Var-Matin parle de nous ! - Festival Cin\u00e9ma en libert\u00e9","og_description":"Afin de mettre en valeur les actions men\u00e9es r\u00e9cemment, nous partageons ici un extrait de l\u2019article que Var-Matin nous a consacr\u00e9. Cet article revient sur notre d\u00e9marche et sur les &hellip;","og_url":"https:\/\/www.festivalcinemaenliberte.com\/index.php\/2025\/12\/03\/var-matin-parle-de-nous\/","og_site_name":"Festival Cin\u00e9ma en libert\u00e9","article_publisher":"https:\/\/www.facebook.com\/cinemaenliberte","article_published_time":"2025-12-03T10:49:13+00:00","article_modified_time":"2026-02-14T17:14:25+00:00","og_image":[{"width":600,"height":600,"url":"https:\/\/www.festivalcinemaenliberte.com\/wp-content\/uploads\/2025\/12\/visuvar.webp","type":"image\/jpeg"}],"author":"Festival Cin\u00e9ma en libert\u00e9","twitter_card":"summary_large_image","twitter_misc":{"\u00c9crit par":"Festival Cin\u00e9ma en libert\u00e9","Dur\u00e9e de lecture estim\u00e9e":"2 minutes"},"schema":{"@context":"https:\/\/schema.org","@graph":[{"@type":"Article","@id":"https:\/\/www.festivalcinemaenliberte.com\/index.php\/2025\/12\/03\/var-matin-parle-de-nous\/#article","isPartOf":{"@id":"https:\/\/www.festivalcinemaenliberte.com\/index.php\/2025\/12\/03\/var-matin-parle-de-nous\/"},"author":{"name":"Festival Cin\u00e9ma en libert\u00e9","@id":"https:\/\/www.festivalcinemaenliberte.com\/#\/schema\/person\/5caa25fe2910c389ebac9c457ed7d7ec"},"headline":"Var-Matin parle de nous !","datePublished":"2025-12-03T10:49:13+00:00","dateModified":"2026-02-14T17:14:25+00:00","mainEntityOfPage":{"@id":"https:\/\/www.festivalcinemaenliberte.com\/index.php\/2025\/12\/03\/var-matin-parle-de-nous\/"},"wordCount":305,"publisher":{"@id":"https:\/\/www.festivalcinemaenliberte.com\/#organization"},"image":{"@id":"https:\/\/www.festivalcinemaenliberte.com\/index.php\/2025\/12\/03\/var-matin-parle-de-nous\/#primaryimage"},"thumbnailUrl":"https:\/\/www.festivalcinemaenliberte.com\/wp-content\/uploads\/2025\/12\/visuvar.webp","articleSection":["Actualit\u00e9s"],"inLanguage":"fr-FR"},{"@type":"WebPage","@id":"https:\/\/www.festivalcinemaenliberte.com\/index.php\/2025\/12\/03\/var-matin-parle-de-nous\/","url":"https:\/\/www.festivalcinemaenliberte.com\/index.php\/2025\/12\/03\/var-matin-parle-de-nous\/","name":"Var-Matin parle de nous ! - Festival Cin\u00e9ma en libert\u00e9","isPartOf":{"@id":"https:\/\/www.festivalcinemaenliberte.com\/#website"},"primaryImageOfPage":{"@id":"https:\/\/www.festivalcinemaenliberte.com\/index.php\/2025\/12\/03\/var-matin-parle-de-nous\/#primaryimage"},"image":{"@id":"https:\/\/www.festivalcinemaenliberte.com\/index.php\/2025\/12\/03\/var-matin-parle-de-nous\/#primaryimage"},"thumbnailUrl":"https:\/\/www.festivalcinemaenliberte.com\/wp-content\/uploads\/2025\/12\/visuvar.webp","datePublished":"2025-12-03T10:49:13+00:00","dateModified":"2026-02-14T17:14:25+00:00","breadcrumb":{"@id":"https:\/\/www.festivalcinemaenliberte.com\/index.php\/2025\/12\/03\/var-matin-parle-de-nous\/#breadcrumb"},"inLanguage":"fr-FR","potentialAction":[{"@type":"ReadAction","target":["https:\/\/www.festivalcinemaenliberte.com\/index.php\/2025\/12\/03\/var-matin-parle-de-nous\/"]}]},{"@type":"ImageObject","inLanguage":"fr-FR","@id":"https:\/\/www.festivalcinemaenliberte.com\/index.php\/2025\/12\/03\/var-matin-parle-de-nous\/#primaryimage","url":"https:\/\/www.festivalcinemaenliberte.com\/wp-content\/uploads\/2025\/12\/visuvar.webp","contentUrl":"https:\/\/www.festivalcinemaenliberte.com\/wp-content\/uploads\/2025\/12\/visuvar.webp","width":600,"height":600},{"@type":"BreadcrumbList","@id":"https:\/\/www.festivalcinemaenliberte.com\/index.php\/2025\/12\/03\/var-matin-parle-de-nous\/#breadcrumb","itemListElement":[{"@type":"ListItem","position":1,"name":"Accueil","item":"https:\/\/www.festivalcinemaenliberte.com\/"},{"@type":"ListItem","position":2,"name":"Var-Matin parle de nous !"}]},{"@type":"WebSite","@id":"https:\/\/www.festivalcinemaenliberte.com\/#website","url":"https:\/\/www.festivalcinemaenliberte.com\/","name":"Festival international Cin\u00e9ma en libert\u00e9","description":"Festival international de courts m\u00e9trages","publisher":{"@id":"https:\/\/www.festivalcinemaenliberte.com\/#organization"},"potentialAction":[{"@type":"SearchAction","target":{"@type":"EntryPoint","urlTemplate":"https:\/\/www.festivalcinemaenliberte.com\/?s={search_term_string}"},"query-input":{"@type":"PropertyValueSpecification","valueRequired":true,"valueName":"search_term_string"}}],"inLanguage":"fr-FR"},{"@type":"Organization","@id":"https:\/\/www.festivalcinemaenliberte.com\/#organization","name":"Festival international de courts m\u00e9trages Cin\u00e9ma en libert\u00e9","url":"https:\/\/www.festivalcinemaenliberte.com\/","logo":{"@type":"ImageObject","inLanguage":"fr-FR","@id":"https:\/\/www.festivalcinemaenliberte.com\/#\/schema\/logo\/image\/","url":"https:\/\/www.festivalcinemaenliberte.com\/wp-content\/uploads\/2024\/05\/logonew3-png.webp","contentUrl":"https:\/\/www.festivalcinemaenliberte.com\/wp-content\/uploads\/2024\/05\/logonew3-png.webp","width":816,"height":1056,"caption":"Festival international de courts m\u00e9trages Cin\u00e9ma en libert\u00e9"},"image":{"@id":"https:\/\/www.festivalcinemaenliberte.com\/#\/schema\/logo\/image\/"},"sameAs":["https:\/\/www.facebook.com\/cinemaenliberte"]},{"@type":"Person","@id":"https:\/\/www.festivalcinemaenliberte.com\/#\/schema\/person\/5caa25fe2910c389ebac9c457ed7d7ec","name":"Festival Cin\u00e9ma en libert\u00e9","image":{"@type":"ImageObject","inLanguage":"fr-FR","@id":"https:\/\/secure.gravatar.com\/avatar\/769d1499e06617736c3fcd1168ec294cd8e6c18fc96240b14d0b7fe87e009411?s=96&d=mm&r=g","url":"https:\/\/secure.gravatar.com\/avatar\/769d1499e06617736c3fcd1168ec294cd8e6c18fc96240b14d0b7fe87e009411?s=96&d=mm&r=g","contentUrl":"https:\/\/secure.gravatar.com\/avatar\/769d1499e06617736c3fcd1168ec294cd8e6c18fc96240b14d0b7fe87e009411?s=96&d=mm&r=g","caption":"Festival Cin\u00e9ma en libert\u00e9"},"sameAs":["http:\/\/hiregxw.cluster026.hosting.ovh.net"],"url":"https:\/\/www.festivalcinemaenliberte.com\/index.php\/author\/admin3911\/"}]}},"_links":{"self":[{"href":"https:\/\/www.festivalcinemaenliberte.com\/index.php\/wp-json\/wp\/v2\/posts\/10845","targetHints":{"allow":["GET"]}}],"collection":[{"href":"https:\/\/www.festivalcinemaenliberte.com\/index.php\/wp-json\/wp\/v2\/posts"}],"about":[{"href":"https:\/\/www.festivalcinemaenliberte.com\/index.php\/wp-json\/wp\/v2\/types\/post"}],"author":[{"embeddable":true,"href":"https:\/\/www.festivalcinemaenliberte.com\/index.php\/wp-json\/wp\/v2\/users\/1"}],"replies":[{"embeddable":true,"href":"https:\/\/www.festivalcinemaenliberte.com\/index.php\/wp-json\/wp\/v2\/comments?post=10845"}],"version-history":[{"count":0,"href":"https:\/\/www.festivalcinemaenliberte.com\/index.php\/wp-json\/wp\/v2\/posts\/10845\/revisions"}],"wp:featuredmedia":[{"embeddable":true,"href":"https:\/\/www.festivalcinemaenliberte.com\/index.php\/wp-json\/wp\/v2\/media\/10853"}],"wp:attachment":[{"href":"https:\/\/www.festivalcinemaenliberte.com\/index.php\/wp-json\/wp\/v2\/media?parent=10845"}],"wp:term":[{"taxonomy":"category","embeddable":true,"href":"https:\/\/www.festivalcinemaenliberte.com\/index.php\/wp-json\/wp\/v2\/categories?post=10845"},{"taxonomy":"post_tag","embeddable":true,"href":"https:\/\/www.festivalcinemaenliberte.com\/index.php\/wp-json\/wp\/v2\/tags?post=10845"}],"curies":[{"name":"wp","href":"https:\/\/api.w.org\/{rel}","templated":true}]}}