{"id":2613,"date":"2024-05-27T13:47:10","date_gmt":"2024-05-27T11:47:10","guid":{"rendered":"https:\/\/www.festivalcinemaenliberte.com\/?p=2613"},"modified":"2025-10-17T16:41:37","modified_gmt":"2025-10-17T14:41:37","slug":"notre-parrain","status":"publish","type":"post","link":"https:\/\/www.festivalcinemaenliberte.com\/index.php\/2024\/05\/27\/notre-parrain\/","title":{"rendered":"Notre parrain"},"content":{"rendered":"\t\t<div data-elementor-type=\"wp-post\" data-elementor-id=\"2613\" class=\"elementor elementor-2613\">\n\t\t\t\t<div class=\"elementor-element elementor-element-9640ad0 e-flex e-con-boxed wpr-particle-no wpr-jarallax-no wpr-parallax-no wpr-sticky-section-no wpr-equal-height-no e-con e-parent\" data-id=\"9640ad0\" data-element_type=\"container\" data-e-type=\"container\">\n\t\t\t\t\t<div class=\"e-con-inner\">\n\t\t\t\t<div class=\"elementor-element elementor-element-b8e31ae elementor-widget elementor-widget-spacer\" data-id=\"b8e31ae\" data-element_type=\"widget\" data-e-type=\"widget\" data-widget_type=\"spacer.default\">\n\t\t\t\t<div class=\"elementor-widget-container\">\n\t\t\t\t\t\t\t<div class=\"elementor-spacer\">\n\t\t\t<div class=\"elementor-spacer-inner\"><\/div>\n\t\t<\/div>\n\t\t\t\t\t\t<\/div>\n\t\t\t\t<\/div>\n\t\t\t\t\t<\/div>\n\t\t\t\t<\/div>\n\t\t<div class=\"elementor-element elementor-element-2c553f9 e-flex e-con-boxed wpr-particle-no wpr-jarallax-no wpr-parallax-no wpr-sticky-section-no wpr-equal-height-no e-con e-parent\" data-id=\"2c553f9\" data-element_type=\"container\" data-e-type=\"container\">\n\t\t\t\t\t<div class=\"e-con-inner\">\n\t\t<div class=\"elementor-element elementor-element-0808353 e-con-full e-flex wpr-particle-no wpr-jarallax-no wpr-parallax-no wpr-sticky-section-no wpr-equal-height-no e-con e-child\" data-id=\"0808353\" data-element_type=\"container\" data-e-type=\"container\">\n\t\t\t\t<div class=\"elementor-element elementor-element-d93544d elementor-widget elementor-widget-image\" data-id=\"d93544d\" data-element_type=\"widget\" data-e-type=\"widget\" data-widget_type=\"image.default\">\n\t\t\t\t<div class=\"elementor-widget-container\">\n\t\t\t\t\t\t\t\t\t\t\t\t\t\t\t<img fetchpriority=\"high\" decoding=\"async\" width=\"800\" height=\"800\" src=\"https:\/\/www.festivalcinemaenliberte.com\/wp-content\/uploads\/2024\/05\/sam-bobino.jpg\" class=\"attachment-large size-large wp-image-2558\" alt=\"\" srcset=\"https:\/\/www.festivalcinemaenliberte.com\/wp-content\/uploads\/2024\/05\/sam-bobino.jpg 800w, https:\/\/www.festivalcinemaenliberte.com\/wp-content\/uploads\/2024\/05\/sam-bobino-300x300.jpg 300w, https:\/\/www.festivalcinemaenliberte.com\/wp-content\/uploads\/2024\/05\/sam-bobino-150x150.jpg 150w, https:\/\/www.festivalcinemaenliberte.com\/wp-content\/uploads\/2024\/05\/sam-bobino-768x768.jpg 768w, https:\/\/www.festivalcinemaenliberte.com\/wp-content\/uploads\/2024\/05\/sam-bobino-350x350.jpg 350w\" sizes=\"(max-width: 800px) 100vw, 800px\" \/>\t\t\t\t\t\t\t\t\t\t\t\t\t\t\t<\/div>\n\t\t\t\t<\/div>\n\t\t\t\t<div class=\"elementor-element elementor-element-97bc5bf elementor-widget elementor-widget-image\" data-id=\"97bc5bf\" data-element_type=\"widget\" data-e-type=\"widget\" data-widget_type=\"image.default\">\n\t\t\t\t<div class=\"elementor-widget-container\">\n\t\t\t\t\t\t\t\t\t\t\t\t\t\t\t\t<a href=\"https:\/\/www.festival-labaule.com\/\" target=\"_blank\">\n\t\t\t\t\t\t\t<img decoding=\"async\" width=\"1024\" height=\"490\" src=\"https:\/\/www.festivalcinemaenliberte.com\/wp-content\/uploads\/2024\/05\/FESTIVAL-LA-BAULE-LOGO-22-1024x490.png\" class=\"attachment-large size-large wp-image-2614\" alt=\"\" srcset=\"https:\/\/www.festivalcinemaenliberte.com\/wp-content\/uploads\/2024\/05\/FESTIVAL-LA-BAULE-LOGO-22-1024x490.png 1024w, https:\/\/www.festivalcinemaenliberte.com\/wp-content\/uploads\/2024\/05\/FESTIVAL-LA-BAULE-LOGO-22-300x144.png 300w, https:\/\/www.festivalcinemaenliberte.com\/wp-content\/uploads\/2024\/05\/FESTIVAL-LA-BAULE-LOGO-22-150x72.png 150w, https:\/\/www.festivalcinemaenliberte.com\/wp-content\/uploads\/2024\/05\/FESTIVAL-LA-BAULE-LOGO-22-768x368.png 768w, https:\/\/www.festivalcinemaenliberte.com\/wp-content\/uploads\/2024\/05\/FESTIVAL-LA-BAULE-LOGO-22-1536x736.png 1536w, https:\/\/www.festivalcinemaenliberte.com\/wp-content\/uploads\/2024\/05\/FESTIVAL-LA-BAULE-LOGO-22-2048x981.png 2048w, https:\/\/www.festivalcinemaenliberte.com\/wp-content\/uploads\/2024\/05\/FESTIVAL-LA-BAULE-LOGO-22-626x300.png 626w\" sizes=\"(max-width: 1024px) 100vw, 1024px\" \/>\t\t\t\t\t\t\t\t<\/a>\n\t\t\t\t\t\t\t\t\t\t\t\t\t\t\t<\/div>\n\t\t\t\t<\/div>\n\t\t\t\t<\/div>\n\t\t<div class=\"elementor-element elementor-element-8cceb58 e-con-full e-flex wpr-particle-no wpr-jarallax-no wpr-parallax-no wpr-sticky-section-no wpr-equal-height-no e-con e-child\" data-id=\"8cceb58\" data-element_type=\"container\" data-e-type=\"container\">\n\t\t\t\t<div class=\"elementor-element elementor-element-3b588a9 elementor-widget__width-initial elementor-widget elementor-widget-text-editor\" data-id=\"3b588a9\" data-element_type=\"widget\" data-e-type=\"widget\" data-widget_type=\"text-editor.default\">\n\t\t\t\t<div class=\"elementor-widget-container\">\n\t\t\t\t\t\t\t\t\t<p><strong>SAM BOBINO<\/strong><\/p><p><span style=\"color: #ffffff;\">Nous fait l&rsquo;honneur d&rsquo;\u00eatre parrain de cette 13\u00e8me \u00e9ditions du\u00a0 <\/span><strong><span style=\"color: #ffffff;\">Festival international de court m\u00e9trage \u00ab\u00a0Cin\u00e9ma en libert\u00e9\u00a0\u00bb<\/span><\/strong><\/p><p><strong><span style=\"color: #ffffff;\">Cin\u00e9phile d\u00e8s son plus jeune \u00e2ge, apr\u00e8s avoir anim\u00e9 le cin\u00e9-club de son lyc\u00e9e et avoir <\/span><\/strong><strong><span style=\"color: #ffffff;\">\u00e9tudi\u00e9 <\/span><\/strong><strong><span style=\"color: #ffffff;\">le cin\u00e9ma \u00e0 la Sorbonne-Nouvelle, Sam Bobino devient animateur et critique de cin\u00e9ma pour <\/span><\/strong><strong><span style=\"color: #ffffff;\">la radio RFM et commence \u00e0 couvrir le Festival de Cannes pour le groupe Europe 1,<br \/>d\u00e8s <\/span><\/strong><strong><span style=\"color: #ffffff;\">1992, notamment aux c\u00f4t\u00e9s de Jean-Claude Brialy et Christian Barbier. Il collabore ensuite <\/span><\/strong><strong><span style=\"color: #ffffff;\">comme journaliste cin\u00e9ma pour divers magazines fran\u00e7ais (Paris Match, Gala, T\u00e9l\u00e9 7 Jours, <\/span><\/strong><strong><span style=\"color: #ffffff;\">T\u00e9l\u00e9Star, Casting magazine\u2026) et \u00e9trangers (Hola, Stern\u2026), pour qui il r\u00e9alise de <\/span><\/strong><strong><span style=\"color: #ffffff;\">nombreuses interviews d\u2019acteurs (Tony Curtis, Harrison Ford, Tom Hanks, Andy Garcia, <\/span><\/strong><strong><span style=\"color: #ffffff;\">Morgan Freeman, Jeremy Irons\u2026).<\/span><\/strong><\/p><p><strong><span style=\"color: #ffffff;\">En 1999 il fonde l\u2019agence de relations publiques, Milton Agency (renomm\u00e9e depuis SBC \/<\/span><\/strong><\/p><p><strong><span style=\"color: #ffffff;\">Sam Bobino Consulting), sp\u00e9cialis\u00e9e dans la mise en relation des talents du cin\u00e9ma avec les <\/span><\/strong><strong><span style=\"color: #ffffff;\">marques de luxe et lifestyles (principales r\u00e9f\u00e9rences clients : Ungaro, Smalto, Jean-Louis <\/span><\/strong><strong><span style=\"color: #ffffff;\">Scherrer, Reebok, <\/span><\/strong><\/p>\t\t\t\t\t\t\t\t<\/div>\n\t\t\t\t<\/div>\n\t\t\t\t<\/div>\n\t\t\t\t\t<\/div>\n\t\t\t\t<\/div>\n\t\t<div class=\"elementor-element elementor-element-615e02d e-flex e-con-boxed wpr-particle-no wpr-jarallax-no wpr-parallax-no wpr-sticky-section-no wpr-equal-height-no e-con e-parent\" data-id=\"615e02d\" data-element_type=\"container\" data-e-type=\"container\">\n\t\t\t\t\t<div class=\"e-con-inner\">\n\t\t\t\t<div class=\"elementor-element elementor-element-b2714f4 elementor-widget elementor-widget-text-editor\" data-id=\"b2714f4\" data-element_type=\"widget\" data-e-type=\"widget\" data-widget_type=\"text-editor.default\">\n\t\t\t\t<div class=\"elementor-widget-container\">\n\t\t\t\t\t\t\t\t\t<p>Magnum, Nicolas Feuillatte, Terrazza Martini, Fondation Orange\u2026).<\/p><p>De 2006 \u00e0 2008, il est directeur des relations publiques des NRJ Cin\u00e9 Awards (\u00e0 Disneyland Paris et au Grand Rex \u00e0 Paris), des Globes de Cristal (au Lido \u00e0 Paris) et du Festival International du Film de Tunis (au cin\u00e9ma de La Marsa).<\/p><p>De 2009 \u00e0 2015, il est d\u00e9l\u00e9gu\u00e9 g\u00e9n\u00e9ral des Prix Lumi\u00e8res (les Golden Globes fran\u00e7ais), qu\u2019il d\u00e9veloppe et accompagne jusqu\u2019\u00e0 la vingti\u00e8me \u00e9dition qu\u2019il c\u00e9l\u00e8bre \u00e0 l\u2019Espace Pierre Cardin \u00e0 Paris aux c\u00f4t\u00e9s de Claudia Cardinale.<\/p><p>En 2014, il cr\u00e9e et pr\u00e9side avec Christophe Barratier (le r\u00e9alisateur nomm\u00e9 aux Oscars pour le film Les Choristes), le Festival de Cin\u00e9ma et de Musique de Film de La Baule, qui accueille chaque ann\u00e9e un grand compositeur de musique de film invit\u00e9 \u00e0 se produire sur sc\u00e8ne (Francis Lai, Michel Legrand, Lalo Schifrin, Vladimir Cosma, \u00c9ric Serra, Gabriel Yared, Philippe Sarde, Alexandre Desplat, Kyle Eastwood\u2026), ainsi que de grandes personnalit\u00e9s du cin\u00e9ma \u00e0 qui le Festival rend hommage (Catherine Deneuve, G\u00e9rard Depardieu, Pierre Richard, Micha\u00ebl Lonsdale, William Baldwin\u2026). Un festival dont il s\u2019occupe toujours.<\/p><p>En 2015 il est directeur des relations internationales des Journ\u00e9es Cin\u00e9matographiques de Carthage (les JCC) et re\u00e7oit comme invit\u00e9e d\u2019honneur, l\u2019actrice Victoria Abril.<\/p><p>Depuis 2016, Sam Bobino est aussi d\u00e9l\u00e9gu\u00e9 g\u00e9n\u00e9ral et co-fondateur avec l\u2019\u00e9crivain e \u00e9conomiste Jacques Attali, de la Semaine du Cin\u00e9ma Positif, plac\u00e9e sous les auspices du Festival International du Film de Cannes et organis\u00e9e en partenariat avec le CNC et la Ville de Cannes, pour la promotion d\u2019un cin\u00e9ma qui change notre regard sur le monde, \u00e9veille les consciences, interroge son industrie, met son art au service des g\u00e9n\u00e9rations futures et invite les citoyens du monde entier \u00e0 s\u2019engager.<\/p><p>En 2020, il re\u00e7oit le Prix de l\u2019Union des Compositeurs de Musique de Film (l\u2019UCMF devenu depuis U2C) pour son engagement en faveur de la musique \u00e0 l\u2019image \u00e0 travers le Festival de Cin\u00e9ma et de Musique de Film, ainsi que la m\u00e9daille d\u2019Honneur de la Ville de La Baule la m\u00eame ann\u00e9e.\u00a0<\/p><p>Toujours en 2020 il est le parrain officiel du Festival Pluri(elles), \u00ab pour plus de diversite\u0301 et de repre\u0301sentation des femmes au cine\u0301ma \u00bb et\u00a0 l\u2019un des signataire de la tribune des \u00ab 30 personnalite\u0301s du cine\u0301ma pour plus de diversit\u00e9 \u00e0 l\u2019\u00e9cran dans le cin\u00e9ma fran\u00e7ais \u00bb, aux c\u00f4t\u00e9s de Mathieu Kassovitz, Olivier Assayas, Eriq Ebouaney ou encore A\u00efssa Maiga, pour d\u00e9noncer le manque de diversit\u00e9 dans le cin\u00e9ma fran\u00e7ais et re\u0301clamer une meilleure inclusion des artistes issus des Outre-mer et de l\u2019immigration africaine et asiatique.<\/p><p>Depuis 2022, Sam Bobino est \u00e9galement Pr\u00e9sident des Paris Film Critics Awards, dont il est aussi le fondateur, ainsi que fondateur et directeur international du festival de musique de film Apulia Soundtrack Awards dans les Pouilles en Italie ; programmateur du cin\u00e9ma le Silencio des Pr\u00e9s \u00e0 Saint-Germain-des-Pr\u00e9s \u00e0 Paris et administrateur de l\u2019association pour la promotion du patrimoine H\u00e9ritage et Civilisation.<\/p><p>En 2023, il re\u00e7oit \u00e0 Cannes, pendant le Festival International du Film, la m\u00e9daille de<\/p><p>l\u2019Assembl\u00e9e nationale, en r\u00e9compense pour son engagement en faveur du cin\u00e9ma depuis<\/p><p>plus de 30 ans.<\/p>\t\t\t\t\t\t\t\t<\/div>\n\t\t\t\t<\/div>\n\t\t\t\t\t<\/div>\n\t\t\t\t<\/div>\n\t\t\t\t<\/div>\n\t\t","protected":false},"excerpt":{"rendered":"<p>SAM BOBINO Nous fait l&rsquo;honneur d&rsquo;\u00eatre parrain de cette 13\u00e8me \u00e9ditions du\u00a0 Festival international de court m\u00e9trage \u00ab\u00a0Cin\u00e9ma en libert\u00e9\u00a0\u00bb Cin\u00e9phile d\u00e8s son plus jeune \u00e2ge, apr\u00e8s avoir anim\u00e9 le &hellip;<\/p>\n","protected":false},"author":1,"featured_media":4806,"comment_status":"closed","ping_status":"open","sticky":false,"template":"elementor_header_footer","format":"standard","meta":{"footnotes":""},"categories":[5],"tags":[],"class_list":["post-2613","post","type-post","status-publish","format-standard","has-post-thumbnail","hentry","category-actualites"],"yoast_head":"<!-- This site is optimized with the Yoast SEO plugin v27.4 - https:\/\/yoast.com\/product\/yoast-seo-wordpress\/ -->\n<title>Notre parrain - Festival Cin\u00e9ma en libert\u00e9<\/title>\n<meta name=\"robots\" content=\"index, follow, max-snippet:-1, max-image-preview:large, max-video-preview:-1\" \/>\n<link rel=\"canonical\" href=\"https:\/\/www.festivalcinemaenliberte.com\/index.php\/2024\/05\/27\/notre-parrain\/\" \/>\n<meta property=\"og:locale\" content=\"fr_FR\" \/>\n<meta property=\"og:type\" content=\"article\" \/>\n<meta property=\"og:title\" content=\"Notre parrain - Festival Cin\u00e9ma en libert\u00e9\" \/>\n<meta property=\"og:description\" content=\"SAM BOBINO Nous fait l&rsquo;honneur d&rsquo;\u00eatre parrain de cette 13\u00e8me \u00e9ditions du\u00a0 Festival international de court m\u00e9trage \u00ab\u00a0Cin\u00e9ma en libert\u00e9\u00a0\u00bb Cin\u00e9phile d\u00e8s son plus jeune \u00e2ge, apr\u00e8s avoir anim\u00e9 le &hellip;\" \/>\n<meta property=\"og:url\" content=\"https:\/\/www.festivalcinemaenliberte.com\/index.php\/2024\/05\/27\/notre-parrain\/\" \/>\n<meta property=\"og:site_name\" content=\"Festival Cin\u00e9ma en libert\u00e9\" \/>\n<meta property=\"article:publisher\" content=\"https:\/\/www.facebook.com\/cinemaenliberte\" \/>\n<meta property=\"article:published_time\" content=\"2024-05-27T11:47:10+00:00\" \/>\n<meta property=\"article:modified_time\" content=\"2025-10-17T14:41:37+00:00\" \/>\n<meta property=\"og:image\" content=\"https:\/\/www.festivalcinemaenliberte.com\/wp-content\/uploads\/2024\/05\/parrasam-png.webp\" \/>\n\t<meta property=\"og:image:width\" content=\"3024\" \/>\n\t<meta property=\"og:image:height\" content=\"3024\" \/>\n\t<meta property=\"og:image:type\" content=\"image\/png\" \/>\n<meta name=\"author\" content=\"Festival Cin\u00e9ma en libert\u00e9\" \/>\n<meta name=\"twitter:card\" content=\"summary_large_image\" \/>\n<meta name=\"twitter:label1\" content=\"\u00c9crit par\" \/>\n\t<meta name=\"twitter:data1\" content=\"Festival Cin\u00e9ma en libert\u00e9\" \/>\n\t<meta name=\"twitter:label2\" content=\"Dur\u00e9e de lecture estim\u00e9e\" \/>\n\t<meta name=\"twitter:data2\" content=\"4 minutes\" \/>\n<script type=\"application\/ld+json\" class=\"yoast-schema-graph\">{\"@context\":\"https:\\\/\\\/schema.org\",\"@graph\":[{\"@type\":\"Article\",\"@id\":\"https:\\\/\\\/www.festivalcinemaenliberte.com\\\/index.php\\\/2024\\\/05\\\/27\\\/notre-parrain\\\/#article\",\"isPartOf\":{\"@id\":\"https:\\\/\\\/www.festivalcinemaenliberte.com\\\/index.php\\\/2024\\\/05\\\/27\\\/notre-parrain\\\/\"},\"author\":{\"name\":\"Festival Cin\u00e9ma en libert\u00e9\",\"@id\":\"https:\\\/\\\/www.festivalcinemaenliberte.com\\\/#\\\/schema\\\/person\\\/5caa25fe2910c389ebac9c457ed7d7ec\"},\"headline\":\"Notre parrain\",\"datePublished\":\"2024-05-27T11:47:10+00:00\",\"dateModified\":\"2025-10-17T14:41:37+00:00\",\"mainEntityOfPage\":{\"@id\":\"https:\\\/\\\/www.festivalcinemaenliberte.com\\\/index.php\\\/2024\\\/05\\\/27\\\/notre-parrain\\\/\"},\"wordCount\":755,\"publisher\":{\"@id\":\"https:\\\/\\\/www.festivalcinemaenliberte.com\\\/#organization\"},\"image\":{\"@id\":\"https:\\\/\\\/www.festivalcinemaenliberte.com\\\/index.php\\\/2024\\\/05\\\/27\\\/notre-parrain\\\/#primaryimage\"},\"thumbnailUrl\":\"https:\\\/\\\/www.festivalcinemaenliberte.com\\\/wp-content\\\/uploads\\\/2024\\\/05\\\/parrasam-png.webp\",\"articleSection\":[\"Actualit\u00e9s\"],\"inLanguage\":\"fr-FR\"},{\"@type\":\"WebPage\",\"@id\":\"https:\\\/\\\/www.festivalcinemaenliberte.com\\\/index.php\\\/2024\\\/05\\\/27\\\/notre-parrain\\\/\",\"url\":\"https:\\\/\\\/www.festivalcinemaenliberte.com\\\/index.php\\\/2024\\\/05\\\/27\\\/notre-parrain\\\/\",\"name\":\"Notre parrain - Festival Cin\u00e9ma en libert\u00e9\",\"isPartOf\":{\"@id\":\"https:\\\/\\\/www.festivalcinemaenliberte.com\\\/#website\"},\"primaryImageOfPage\":{\"@id\":\"https:\\\/\\\/www.festivalcinemaenliberte.com\\\/index.php\\\/2024\\\/05\\\/27\\\/notre-parrain\\\/#primaryimage\"},\"image\":{\"@id\":\"https:\\\/\\\/www.festivalcinemaenliberte.com\\\/index.php\\\/2024\\\/05\\\/27\\\/notre-parrain\\\/#primaryimage\"},\"thumbnailUrl\":\"https:\\\/\\\/www.festivalcinemaenliberte.com\\\/wp-content\\\/uploads\\\/2024\\\/05\\\/parrasam-png.webp\",\"datePublished\":\"2024-05-27T11:47:10+00:00\",\"dateModified\":\"2025-10-17T14:41:37+00:00\",\"breadcrumb\":{\"@id\":\"https:\\\/\\\/www.festivalcinemaenliberte.com\\\/index.php\\\/2024\\\/05\\\/27\\\/notre-parrain\\\/#breadcrumb\"},\"inLanguage\":\"fr-FR\",\"potentialAction\":[{\"@type\":\"ReadAction\",\"target\":[\"https:\\\/\\\/www.festivalcinemaenliberte.com\\\/index.php\\\/2024\\\/05\\\/27\\\/notre-parrain\\\/\"]}]},{\"@type\":\"ImageObject\",\"inLanguage\":\"fr-FR\",\"@id\":\"https:\\\/\\\/www.festivalcinemaenliberte.com\\\/index.php\\\/2024\\\/05\\\/27\\\/notre-parrain\\\/#primaryimage\",\"url\":\"https:\\\/\\\/www.festivalcinemaenliberte.com\\\/wp-content\\\/uploads\\\/2024\\\/05\\\/parrasam-png.webp\",\"contentUrl\":\"https:\\\/\\\/www.festivalcinemaenliberte.com\\\/wp-content\\\/uploads\\\/2024\\\/05\\\/parrasam-png.webp\",\"width\":3024,\"height\":3024},{\"@type\":\"BreadcrumbList\",\"@id\":\"https:\\\/\\\/www.festivalcinemaenliberte.com\\\/index.php\\\/2024\\\/05\\\/27\\\/notre-parrain\\\/#breadcrumb\",\"itemListElement\":[{\"@type\":\"ListItem\",\"position\":1,\"name\":\"Accueil\",\"item\":\"https:\\\/\\\/www.festivalcinemaenliberte.com\\\/\"},{\"@type\":\"ListItem\",\"position\":2,\"name\":\"Notre parrain\"}]},{\"@type\":\"WebSite\",\"@id\":\"https:\\\/\\\/www.festivalcinemaenliberte.com\\\/#website\",\"url\":\"https:\\\/\\\/www.festivalcinemaenliberte.com\\\/\",\"name\":\"Festival international Cin\u00e9ma en libert\u00e9\",\"description\":\"Festival international de courts m\u00e9trages\",\"publisher\":{\"@id\":\"https:\\\/\\\/www.festivalcinemaenliberte.com\\\/#organization\"},\"potentialAction\":[{\"@type\":\"SearchAction\",\"target\":{\"@type\":\"EntryPoint\",\"urlTemplate\":\"https:\\\/\\\/www.festivalcinemaenliberte.com\\\/?s={search_term_string}\"},\"query-input\":{\"@type\":\"PropertyValueSpecification\",\"valueRequired\":true,\"valueName\":\"search_term_string\"}}],\"inLanguage\":\"fr-FR\"},{\"@type\":\"Organization\",\"@id\":\"https:\\\/\\\/www.festivalcinemaenliberte.com\\\/#organization\",\"name\":\"Festival international de courts m\u00e9trages Cin\u00e9ma en libert\u00e9\",\"url\":\"https:\\\/\\\/www.festivalcinemaenliberte.com\\\/\",\"logo\":{\"@type\":\"ImageObject\",\"inLanguage\":\"fr-FR\",\"@id\":\"https:\\\/\\\/www.festivalcinemaenliberte.com\\\/#\\\/schema\\\/logo\\\/image\\\/\",\"url\":\"https:\\\/\\\/www.festivalcinemaenliberte.com\\\/wp-content\\\/uploads\\\/2024\\\/05\\\/logonew3-png.webp\",\"contentUrl\":\"https:\\\/\\\/www.festivalcinemaenliberte.com\\\/wp-content\\\/uploads\\\/2024\\\/05\\\/logonew3-png.webp\",\"width\":816,\"height\":1056,\"caption\":\"Festival international de courts m\u00e9trages Cin\u00e9ma en libert\u00e9\"},\"image\":{\"@id\":\"https:\\\/\\\/www.festivalcinemaenliberte.com\\\/#\\\/schema\\\/logo\\\/image\\\/\"},\"sameAs\":[\"https:\\\/\\\/www.facebook.com\\\/cinemaenliberte\"]},{\"@type\":\"Person\",\"@id\":\"https:\\\/\\\/www.festivalcinemaenliberte.com\\\/#\\\/schema\\\/person\\\/5caa25fe2910c389ebac9c457ed7d7ec\",\"name\":\"Festival Cin\u00e9ma en libert\u00e9\",\"image\":{\"@type\":\"ImageObject\",\"inLanguage\":\"fr-FR\",\"@id\":\"https:\\\/\\\/secure.gravatar.com\\\/avatar\\\/769d1499e06617736c3fcd1168ec294cd8e6c18fc96240b14d0b7fe87e009411?s=96&d=mm&r=g\",\"url\":\"https:\\\/\\\/secure.gravatar.com\\\/avatar\\\/769d1499e06617736c3fcd1168ec294cd8e6c18fc96240b14d0b7fe87e009411?s=96&d=mm&r=g\",\"contentUrl\":\"https:\\\/\\\/secure.gravatar.com\\\/avatar\\\/769d1499e06617736c3fcd1168ec294cd8e6c18fc96240b14d0b7fe87e009411?s=96&d=mm&r=g\",\"caption\":\"Festival Cin\u00e9ma en libert\u00e9\"},\"sameAs\":[\"http:\\\/\\\/hiregxw.cluster026.hosting.ovh.net\"],\"url\":\"https:\\\/\\\/www.festivalcinemaenliberte.com\\\/index.php\\\/author\\\/admin3911\\\/\"}]}<\/script>\n<!-- \/ Yoast SEO plugin. -->","yoast_head_json":{"title":"Notre parrain - Festival Cin\u00e9ma en libert\u00e9","robots":{"index":"index","follow":"follow","max-snippet":"max-snippet:-1","max-image-preview":"max-image-preview:large","max-video-preview":"max-video-preview:-1"},"canonical":"https:\/\/www.festivalcinemaenliberte.com\/index.php\/2024\/05\/27\/notre-parrain\/","og_locale":"fr_FR","og_type":"article","og_title":"Notre parrain - Festival Cin\u00e9ma en libert\u00e9","og_description":"SAM BOBINO Nous fait l&rsquo;honneur d&rsquo;\u00eatre parrain de cette 13\u00e8me \u00e9ditions du\u00a0 Festival international de court m\u00e9trage \u00ab\u00a0Cin\u00e9ma en libert\u00e9\u00a0\u00bb Cin\u00e9phile d\u00e8s son plus jeune \u00e2ge, apr\u00e8s avoir anim\u00e9 le &hellip;","og_url":"https:\/\/www.festivalcinemaenliberte.com\/index.php\/2024\/05\/27\/notre-parrain\/","og_site_name":"Festival Cin\u00e9ma en libert\u00e9","article_publisher":"https:\/\/www.facebook.com\/cinemaenliberte","article_published_time":"2024-05-27T11:47:10+00:00","article_modified_time":"2025-10-17T14:41:37+00:00","og_image":[{"width":3024,"height":3024,"url":"https:\/\/www.festivalcinemaenliberte.com\/wp-content\/uploads\/2024\/05\/parrasam-png.webp","type":"image\/png"}],"author":"Festival Cin\u00e9ma en libert\u00e9","twitter_card":"summary_large_image","twitter_misc":{"\u00c9crit par":"Festival Cin\u00e9ma en libert\u00e9","Dur\u00e9e de lecture estim\u00e9e":"4 minutes"},"schema":{"@context":"https:\/\/schema.org","@graph":[{"@type":"Article","@id":"https:\/\/www.festivalcinemaenliberte.com\/index.php\/2024\/05\/27\/notre-parrain\/#article","isPartOf":{"@id":"https:\/\/www.festivalcinemaenliberte.com\/index.php\/2024\/05\/27\/notre-parrain\/"},"author":{"name":"Festival Cin\u00e9ma en libert\u00e9","@id":"https:\/\/www.festivalcinemaenliberte.com\/#\/schema\/person\/5caa25fe2910c389ebac9c457ed7d7ec"},"headline":"Notre parrain","datePublished":"2024-05-27T11:47:10+00:00","dateModified":"2025-10-17T14:41:37+00:00","mainEntityOfPage":{"@id":"https:\/\/www.festivalcinemaenliberte.com\/index.php\/2024\/05\/27\/notre-parrain\/"},"wordCount":755,"publisher":{"@id":"https:\/\/www.festivalcinemaenliberte.com\/#organization"},"image":{"@id":"https:\/\/www.festivalcinemaenliberte.com\/index.php\/2024\/05\/27\/notre-parrain\/#primaryimage"},"thumbnailUrl":"https:\/\/www.festivalcinemaenliberte.com\/wp-content\/uploads\/2024\/05\/parrasam-png.webp","articleSection":["Actualit\u00e9s"],"inLanguage":"fr-FR"},{"@type":"WebPage","@id":"https:\/\/www.festivalcinemaenliberte.com\/index.php\/2024\/05\/27\/notre-parrain\/","url":"https:\/\/www.festivalcinemaenliberte.com\/index.php\/2024\/05\/27\/notre-parrain\/","name":"Notre parrain - Festival Cin\u00e9ma en libert\u00e9","isPartOf":{"@id":"https:\/\/www.festivalcinemaenliberte.com\/#website"},"primaryImageOfPage":{"@id":"https:\/\/www.festivalcinemaenliberte.com\/index.php\/2024\/05\/27\/notre-parrain\/#primaryimage"},"image":{"@id":"https:\/\/www.festivalcinemaenliberte.com\/index.php\/2024\/05\/27\/notre-parrain\/#primaryimage"},"thumbnailUrl":"https:\/\/www.festivalcinemaenliberte.com\/wp-content\/uploads\/2024\/05\/parrasam-png.webp","datePublished":"2024-05-27T11:47:10+00:00","dateModified":"2025-10-17T14:41:37+00:00","breadcrumb":{"@id":"https:\/\/www.festivalcinemaenliberte.com\/index.php\/2024\/05\/27\/notre-parrain\/#breadcrumb"},"inLanguage":"fr-FR","potentialAction":[{"@type":"ReadAction","target":["https:\/\/www.festivalcinemaenliberte.com\/index.php\/2024\/05\/27\/notre-parrain\/"]}]},{"@type":"ImageObject","inLanguage":"fr-FR","@id":"https:\/\/www.festivalcinemaenliberte.com\/index.php\/2024\/05\/27\/notre-parrain\/#primaryimage","url":"https:\/\/www.festivalcinemaenliberte.com\/wp-content\/uploads\/2024\/05\/parrasam-png.webp","contentUrl":"https:\/\/www.festivalcinemaenliberte.com\/wp-content\/uploads\/2024\/05\/parrasam-png.webp","width":3024,"height":3024},{"@type":"BreadcrumbList","@id":"https:\/\/www.festivalcinemaenliberte.com\/index.php\/2024\/05\/27\/notre-parrain\/#breadcrumb","itemListElement":[{"@type":"ListItem","position":1,"name":"Accueil","item":"https:\/\/www.festivalcinemaenliberte.com\/"},{"@type":"ListItem","position":2,"name":"Notre parrain"}]},{"@type":"WebSite","@id":"https:\/\/www.festivalcinemaenliberte.com\/#website","url":"https:\/\/www.festivalcinemaenliberte.com\/","name":"Festival international Cin\u00e9ma en libert\u00e9","description":"Festival international de courts m\u00e9trages","publisher":{"@id":"https:\/\/www.festivalcinemaenliberte.com\/#organization"},"potentialAction":[{"@type":"SearchAction","target":{"@type":"EntryPoint","urlTemplate":"https:\/\/www.festivalcinemaenliberte.com\/?s={search_term_string}"},"query-input":{"@type":"PropertyValueSpecification","valueRequired":true,"valueName":"search_term_string"}}],"inLanguage":"fr-FR"},{"@type":"Organization","@id":"https:\/\/www.festivalcinemaenliberte.com\/#organization","name":"Festival international de courts m\u00e9trages Cin\u00e9ma en libert\u00e9","url":"https:\/\/www.festivalcinemaenliberte.com\/","logo":{"@type":"ImageObject","inLanguage":"fr-FR","@id":"https:\/\/www.festivalcinemaenliberte.com\/#\/schema\/logo\/image\/","url":"https:\/\/www.festivalcinemaenliberte.com\/wp-content\/uploads\/2024\/05\/logonew3-png.webp","contentUrl":"https:\/\/www.festivalcinemaenliberte.com\/wp-content\/uploads\/2024\/05\/logonew3-png.webp","width":816,"height":1056,"caption":"Festival international de courts m\u00e9trages Cin\u00e9ma en libert\u00e9"},"image":{"@id":"https:\/\/www.festivalcinemaenliberte.com\/#\/schema\/logo\/image\/"},"sameAs":["https:\/\/www.facebook.com\/cinemaenliberte"]},{"@type":"Person","@id":"https:\/\/www.festivalcinemaenliberte.com\/#\/schema\/person\/5caa25fe2910c389ebac9c457ed7d7ec","name":"Festival Cin\u00e9ma en libert\u00e9","image":{"@type":"ImageObject","inLanguage":"fr-FR","@id":"https:\/\/secure.gravatar.com\/avatar\/769d1499e06617736c3fcd1168ec294cd8e6c18fc96240b14d0b7fe87e009411?s=96&d=mm&r=g","url":"https:\/\/secure.gravatar.com\/avatar\/769d1499e06617736c3fcd1168ec294cd8e6c18fc96240b14d0b7fe87e009411?s=96&d=mm&r=g","contentUrl":"https:\/\/secure.gravatar.com\/avatar\/769d1499e06617736c3fcd1168ec294cd8e6c18fc96240b14d0b7fe87e009411?s=96&d=mm&r=g","caption":"Festival Cin\u00e9ma en libert\u00e9"},"sameAs":["http:\/\/hiregxw.cluster026.hosting.ovh.net"],"url":"https:\/\/www.festivalcinemaenliberte.com\/index.php\/author\/admin3911\/"}]}},"_links":{"self":[{"href":"https:\/\/www.festivalcinemaenliberte.com\/index.php\/wp-json\/wp\/v2\/posts\/2613","targetHints":{"allow":["GET"]}}],"collection":[{"href":"https:\/\/www.festivalcinemaenliberte.com\/index.php\/wp-json\/wp\/v2\/posts"}],"about":[{"href":"https:\/\/www.festivalcinemaenliberte.com\/index.php\/wp-json\/wp\/v2\/types\/post"}],"author":[{"embeddable":true,"href":"https:\/\/www.festivalcinemaenliberte.com\/index.php\/wp-json\/wp\/v2\/users\/1"}],"replies":[{"embeddable":true,"href":"https:\/\/www.festivalcinemaenliberte.com\/index.php\/wp-json\/wp\/v2\/comments?post=2613"}],"version-history":[{"count":0,"href":"https:\/\/www.festivalcinemaenliberte.com\/index.php\/wp-json\/wp\/v2\/posts\/2613\/revisions"}],"wp:featuredmedia":[{"embeddable":true,"href":"https:\/\/www.festivalcinemaenliberte.com\/index.php\/wp-json\/wp\/v2\/media\/4806"}],"wp:attachment":[{"href":"https:\/\/www.festivalcinemaenliberte.com\/index.php\/wp-json\/wp\/v2\/media?parent=2613"}],"wp:term":[{"taxonomy":"category","embeddable":true,"href":"https:\/\/www.festivalcinemaenliberte.com\/index.php\/wp-json\/wp\/v2\/categories?post=2613"},{"taxonomy":"post_tag","embeddable":true,"href":"https:\/\/www.festivalcinemaenliberte.com\/index.php\/wp-json\/wp\/v2\/tags?post=2613"}],"curies":[{"name":"wp","href":"https:\/\/api.w.org\/{rel}","templated":true}]}}