{"id":3241,"date":"2024-06-30T10:50:29","date_gmt":"2024-06-30T08:50:29","guid":{"rendered":"https:\/\/www.festivalcinemaenliberte.com\/?p=3241"},"modified":"2025-10-17T16:48:31","modified_gmt":"2025-10-17T14:48:31","slug":"elementor-3241","status":"publish","type":"post","link":"https:\/\/www.festivalcinemaenliberte.com\/index.php\/2024\/06\/30\/elementor-3241\/","title":{"rendered":"Pr\u00e9sidente du jury"},"content":{"rendered":"\t\t<div data-elementor-type=\"wp-post\" data-elementor-id=\"3241\" class=\"elementor elementor-3241\">\n\t\t\t\t<div class=\"elementor-element elementor-element-6e27d07 e-flex e-con-boxed wpr-particle-no wpr-jarallax-no wpr-parallax-no wpr-sticky-section-no wpr-equal-height-no e-con e-parent\" data-id=\"6e27d07\" data-element_type=\"container\" data-e-type=\"container\">\n\t\t\t\t\t<div class=\"e-con-inner\">\n\t\t\t\t<div class=\"elementor-element elementor-element-2421790 elementor-widget elementor-widget-spacer\" data-id=\"2421790\" data-element_type=\"widget\" data-e-type=\"widget\" data-widget_type=\"spacer.default\">\n\t\t\t\t<div class=\"elementor-widget-container\">\n\t\t\t\t\t\t\t<div class=\"elementor-spacer\">\n\t\t\t<div class=\"elementor-spacer-inner\"><\/div>\n\t\t<\/div>\n\t\t\t\t\t\t<\/div>\n\t\t\t\t<\/div>\n\t\t\t\t\t<\/div>\n\t\t\t\t<\/div>\n\t\t<div class=\"elementor-element elementor-element-07795c5 e-flex e-con-boxed wpr-particle-no wpr-jarallax-no wpr-parallax-no wpr-sticky-section-no wpr-equal-height-no e-con e-parent\" data-id=\"07795c5\" data-element_type=\"container\" data-e-type=\"container\">\n\t\t\t\t\t<div class=\"e-con-inner\">\n\t\t\t\t<div class=\"elementor-element elementor-element-45fd2f2 elementor-widget elementor-widget-image\" data-id=\"45fd2f2\" data-element_type=\"widget\" data-e-type=\"widget\" data-widget_type=\"image.default\">\n\t\t\t\t<div class=\"elementor-widget-container\">\n\t\t\t\t\t\t\t\t\t\t\t\t\t\t\t<img fetchpriority=\"high\" decoding=\"async\" width=\"300\" height=\"300\" src=\"https:\/\/www.festivalcinemaenliberte.com\/wp-content\/uploads\/2024\/06\/laurier-blanc-presidente-300x300.webp\" class=\"attachment-medium size-medium wp-image-5562\" alt=\"\" srcset=\"https:\/\/www.festivalcinemaenliberte.com\/wp-content\/uploads\/2024\/06\/laurier-blanc-presidente-300x300.webp 300w, https:\/\/www.festivalcinemaenliberte.com\/wp-content\/uploads\/2024\/06\/laurier-blanc-presidente-150x150.webp 150w, https:\/\/www.festivalcinemaenliberte.com\/wp-content\/uploads\/2024\/06\/laurier-blanc-presidente-png.webp 500w\" sizes=\"(max-width: 300px) 100vw, 300px\" \/>\t\t\t\t\t\t\t\t\t\t\t\t\t\t\t<\/div>\n\t\t\t\t<\/div>\n\t\t\t\t\t<\/div>\n\t\t\t\t<\/div>\n\t\t<div class=\"elementor-element elementor-element-11fe838 e-flex e-con-boxed wpr-particle-no wpr-jarallax-no wpr-parallax-no wpr-sticky-section-no wpr-equal-height-no e-con e-parent\" data-id=\"11fe838\" data-element_type=\"container\" data-e-type=\"container\">\n\t\t\t\t\t<div class=\"e-con-inner\">\n\t\t<div class=\"elementor-element elementor-element-4e2bccc e-con-full e-flex wpr-particle-no wpr-jarallax-no wpr-parallax-no wpr-sticky-section-no wpr-equal-height-no e-con e-child\" data-id=\"4e2bccc\" data-element_type=\"container\" data-e-type=\"container\">\n\t\t\t\t<div class=\"elementor-element elementor-element-b156636 elementor-widget elementor-widget-image\" data-id=\"b156636\" data-element_type=\"widget\" data-e-type=\"widget\" data-widget_type=\"image.default\">\n\t\t\t\t<div class=\"elementor-widget-container\">\n\t\t\t\t\t\t\t\t\t\t\t\t\t\t\t<img decoding=\"async\" width=\"494\" height=\"675\" src=\"https:\/\/www.festivalcinemaenliberte.com\/wp-content\/uploads\/2024\/06\/ZOEFELIX.png\" class=\"attachment-large size-large wp-image-3247\" alt=\"\" srcset=\"https:\/\/www.festivalcinemaenliberte.com\/wp-content\/uploads\/2024\/06\/ZOEFELIX.png 494w, https:\/\/www.festivalcinemaenliberte.com\/wp-content\/uploads\/2024\/06\/ZOEFELIX-220x300.png 220w, https:\/\/www.festivalcinemaenliberte.com\/wp-content\/uploads\/2024\/06\/ZOEFELIX-110x150.png 110w\" sizes=\"(max-width: 494px) 100vw, 494px\" \/>\t\t\t\t\t\t\t\t\t\t\t\t\t\t\t<\/div>\n\t\t\t\t<\/div>\n\t\t\t\t<\/div>\n\t\t<div class=\"elementor-element elementor-element-b986219 e-con-full e-flex wpr-particle-no wpr-jarallax-no wpr-parallax-no wpr-sticky-section-no wpr-equal-height-no e-con e-child\" data-id=\"b986219\" data-element_type=\"container\" data-e-type=\"container\">\n\t\t\t\t<div class=\"elementor-element elementor-element-c46c981 elementor-widget elementor-widget-text-editor\" data-id=\"c46c981\" data-element_type=\"widget\" data-e-type=\"widget\" data-widget_type=\"text-editor.default\">\n\t\t\t\t<div class=\"elementor-widget-container\">\n\t\t\t\t\t\t\t\t\t<p><span style=\"color: #ffffff;\"><strong>ZOE FELIX<\/strong><\/span><br \/><span style=\"color: #ffffff;\">PRESIDENTE DU JURY<\/span><\/p><p><span style=\"color: #ffffff;\">Zo\u00e9 F\u00e9lix d\u00e9bute sa carri\u00e8re d&rsquo;actrice dans \u00a0\u00bb D\u00e9j\u00e0 mort\u00a0\u00bb<\/span><br \/><span style=\"color: #ffffff;\">le premier film d&rsquo;Olivier Dahan, aux c\u00f4t\u00e9s de Beno\u00eet<\/span><br \/><span style=\"color: #ffffff;\">Magimel et Romain Duris, puis tourne dans \u00ab\u00a0La beuze\u00a0\u00bb<\/span><br \/><span style=\"color: #ffffff;\">avec Micha\u00ebl Youn, avant de rencontrer Marc Esposito<\/span><br \/><span style=\"color: #ffffff;\">qu&rsquo;elle accompagnera dans la trilogie \u00e0 succ\u00e8s \u00a0\u00bb Le coeur<\/span><br \/><span style=\"color: #ffffff;\">des hommes\u00a0\u00bb ainsi que dans \u00ab\u00a0Toute la beaut\u00e9 du<\/span><br \/><span style=\"color: #ffffff;\">monde\u00a0\u00bb avec Marc Lavoine. Elle sera plus tard l&rsquo;h\u00e9ro\u00efne<\/span><br \/><span style=\"color: #ffffff;\">de la s\u00e9rie \u00ab\u00a0Clara Sheller\u00a0\u00bb et la m\u00eame ann\u00e9e, tournera<\/span><br \/><span style=\"color: #ffffff;\">dans le tr\u00e8s populaire \u00ab\u00a0Bienvenue chez les ch&#8217;tis\u00a0\u00bb de<\/span><br \/><span style=\"color: #ffffff;\">Dany Boon. Elle apparait en parall\u00e8le dans de nombreux<\/span><br \/><span style=\"color: #ffffff;\">courts-m\u00e9trages et t\u00e9l\u00e9films ainsi que dans le premier<\/span><br \/><span style=\"color: #ffffff;\">long-m\u00e9trage de Yann Gozlan, \u00ab\u00a0Captifs\u00a0\u00bb. Apr\u00e8s avoir<\/span><br \/><span style=\"color: #ffffff;\">jou\u00e9 au th\u00e9\u00e2tre dans \u00ab\u00a0Le placard\u00a0\u00bb de Francis Veber et<\/span><br \/><span style=\"color: #ffffff;\">\u00ab\u00a0Je vous \u00e9coute\u00a0\u00bb mis en sc\u00e8ne par Isabelle Nanty, elle<\/span><br \/><span style=\"color: #ffffff;\">d\u00e9cide de se consacrer \u00e0 l&rsquo;\u00e9criture d&rsquo;un sc\u00e9nario afin de<\/span><br \/><span style=\"color: #ffffff;\">r\u00e9aliser son premier film, actuellement en<\/span><br \/><span style=\"color: #ffffff;\">d\u00e9veloppement pour un tournage pr\u00e9vu en 2025.<\/span><\/p>\t\t\t\t\t\t\t\t<\/div>\n\t\t\t\t<\/div>\n\t\t\t\t<\/div>\n\t\t\t\t\t<\/div>\n\t\t\t\t<\/div>\n\t\t\t\t<\/div>\n\t\t","protected":false},"excerpt":{"rendered":"<p>ZOE FELIXPRESIDENTE DU JURY Zo\u00e9 F\u00e9lix d\u00e9bute sa carri\u00e8re d&rsquo;actrice dans \u00a0\u00bb D\u00e9j\u00e0 mort\u00a0\u00bble premier film d&rsquo;Olivier Dahan, aux c\u00f4t\u00e9s de Beno\u00eetMagimel et Romain Duris, puis tourne dans \u00ab\u00a0La beuze\u00a0\u00bbavec &hellip;<\/p>\n","protected":false},"author":1,"featured_media":4289,"comment_status":"closed","ping_status":"open","sticky":false,"template":"elementor_header_footer","format":"standard","meta":{"footnotes":""},"categories":[5],"tags":[],"class_list":["post-3241","post","type-post","status-publish","format-standard","has-post-thumbnail","hentry","category-actualites"],"yoast_head":"<!-- This site is optimized with the Yoast SEO plugin v27.4 - https:\/\/yoast.com\/product\/yoast-seo-wordpress\/ -->\n<title>Pr\u00e9sidente du jury - Festival Cin\u00e9ma en libert\u00e9<\/title>\n<meta name=\"robots\" content=\"index, follow, max-snippet:-1, max-image-preview:large, max-video-preview:-1\" \/>\n<link rel=\"canonical\" href=\"https:\/\/www.festivalcinemaenliberte.com\/index.php\/2024\/06\/30\/elementor-3241\/\" \/>\n<meta property=\"og:locale\" content=\"fr_FR\" \/>\n<meta property=\"og:type\" content=\"article\" \/>\n<meta property=\"og:title\" content=\"Pr\u00e9sidente du jury - Festival Cin\u00e9ma en libert\u00e9\" \/>\n<meta property=\"og:description\" content=\"ZOE FELIXPRESIDENTE DU JURY Zo\u00e9 F\u00e9lix d\u00e9bute sa carri\u00e8re d&rsquo;actrice dans \u00a0\u00bb D\u00e9j\u00e0 mort\u00a0\u00bble premier film d&rsquo;Olivier Dahan, aux c\u00f4t\u00e9s de Beno\u00eetMagimel et Romain Duris, puis tourne dans \u00ab\u00a0La beuze\u00a0\u00bbavec &hellip;\" \/>\n<meta property=\"og:url\" content=\"https:\/\/www.festivalcinemaenliberte.com\/index.php\/2024\/06\/30\/elementor-3241\/\" \/>\n<meta property=\"og:site_name\" content=\"Festival Cin\u00e9ma en libert\u00e9\" \/>\n<meta property=\"article:publisher\" content=\"https:\/\/www.facebook.com\/cinemaenliberte\" \/>\n<meta property=\"article:published_time\" content=\"2024-06-30T08:50:29+00:00\" \/>\n<meta property=\"article:modified_time\" content=\"2025-10-17T14:48:31+00:00\" \/>\n<meta property=\"og:image\" content=\"https:\/\/www.festivalcinemaenliberte.com\/wp-content\/uploads\/2024\/11\/452635953_26141281995487161_506015655614441066_n.webp\" \/>\n\t<meta property=\"og:image:width\" content=\"1000\" \/>\n\t<meta property=\"og:image:height\" content=\"1500\" \/>\n\t<meta property=\"og:image:type\" content=\"image\/webp\" \/>\n<meta name=\"author\" content=\"Festival Cin\u00e9ma en libert\u00e9\" \/>\n<meta name=\"twitter:card\" content=\"summary_large_image\" \/>\n<meta name=\"twitter:label1\" content=\"\u00c9crit par\" \/>\n\t<meta name=\"twitter:data1\" content=\"Festival Cin\u00e9ma en libert\u00e9\" \/>\n\t<meta name=\"twitter:label2\" content=\"Dur\u00e9e de lecture estim\u00e9e\" \/>\n\t<meta name=\"twitter:data2\" content=\"2 minutes\" \/>\n<script type=\"application\/ld+json\" class=\"yoast-schema-graph\">{\"@context\":\"https:\\\/\\\/schema.org\",\"@graph\":[{\"@type\":\"Article\",\"@id\":\"https:\\\/\\\/www.festivalcinemaenliberte.com\\\/index.php\\\/2024\\\/06\\\/30\\\/elementor-3241\\\/#article\",\"isPartOf\":{\"@id\":\"https:\\\/\\\/www.festivalcinemaenliberte.com\\\/index.php\\\/2024\\\/06\\\/30\\\/elementor-3241\\\/\"},\"author\":{\"name\":\"Festival Cin\u00e9ma en libert\u00e9\",\"@id\":\"https:\\\/\\\/www.festivalcinemaenliberte.com\\\/#\\\/schema\\\/person\\\/5caa25fe2910c389ebac9c457ed7d7ec\"},\"headline\":\"Pr\u00e9sidente du jury\",\"datePublished\":\"2024-06-30T08:50:29+00:00\",\"dateModified\":\"2025-10-17T14:48:31+00:00\",\"mainEntityOfPage\":{\"@id\":\"https:\\\/\\\/www.festivalcinemaenliberte.com\\\/index.php\\\/2024\\\/06\\\/30\\\/elementor-3241\\\/\"},\"wordCount\":176,\"publisher\":{\"@id\":\"https:\\\/\\\/www.festivalcinemaenliberte.com\\\/#organization\"},\"image\":{\"@id\":\"https:\\\/\\\/www.festivalcinemaenliberte.com\\\/index.php\\\/2024\\\/06\\\/30\\\/elementor-3241\\\/#primaryimage\"},\"thumbnailUrl\":\"https:\\\/\\\/www.festivalcinemaenliberte.com\\\/wp-content\\\/uploads\\\/2024\\\/11\\\/452635953_26141281995487161_506015655614441066_n.webp\",\"articleSection\":[\"Actualit\u00e9s\"],\"inLanguage\":\"fr-FR\"},{\"@type\":\"WebPage\",\"@id\":\"https:\\\/\\\/www.festivalcinemaenliberte.com\\\/index.php\\\/2024\\\/06\\\/30\\\/elementor-3241\\\/\",\"url\":\"https:\\\/\\\/www.festivalcinemaenliberte.com\\\/index.php\\\/2024\\\/06\\\/30\\\/elementor-3241\\\/\",\"name\":\"Pr\u00e9sidente du jury - Festival Cin\u00e9ma en libert\u00e9\",\"isPartOf\":{\"@id\":\"https:\\\/\\\/www.festivalcinemaenliberte.com\\\/#website\"},\"primaryImageOfPage\":{\"@id\":\"https:\\\/\\\/www.festivalcinemaenliberte.com\\\/index.php\\\/2024\\\/06\\\/30\\\/elementor-3241\\\/#primaryimage\"},\"image\":{\"@id\":\"https:\\\/\\\/www.festivalcinemaenliberte.com\\\/index.php\\\/2024\\\/06\\\/30\\\/elementor-3241\\\/#primaryimage\"},\"thumbnailUrl\":\"https:\\\/\\\/www.festivalcinemaenliberte.com\\\/wp-content\\\/uploads\\\/2024\\\/11\\\/452635953_26141281995487161_506015655614441066_n.webp\",\"datePublished\":\"2024-06-30T08:50:29+00:00\",\"dateModified\":\"2025-10-17T14:48:31+00:00\",\"breadcrumb\":{\"@id\":\"https:\\\/\\\/www.festivalcinemaenliberte.com\\\/index.php\\\/2024\\\/06\\\/30\\\/elementor-3241\\\/#breadcrumb\"},\"inLanguage\":\"fr-FR\",\"potentialAction\":[{\"@type\":\"ReadAction\",\"target\":[\"https:\\\/\\\/www.festivalcinemaenliberte.com\\\/index.php\\\/2024\\\/06\\\/30\\\/elementor-3241\\\/\"]}]},{\"@type\":\"ImageObject\",\"inLanguage\":\"fr-FR\",\"@id\":\"https:\\\/\\\/www.festivalcinemaenliberte.com\\\/index.php\\\/2024\\\/06\\\/30\\\/elementor-3241\\\/#primaryimage\",\"url\":\"https:\\\/\\\/www.festivalcinemaenliberte.com\\\/wp-content\\\/uploads\\\/2024\\\/11\\\/452635953_26141281995487161_506015655614441066_n.webp\",\"contentUrl\":\"https:\\\/\\\/www.festivalcinemaenliberte.com\\\/wp-content\\\/uploads\\\/2024\\\/11\\\/452635953_26141281995487161_506015655614441066_n.webp\",\"width\":1000,\"height\":1500},{\"@type\":\"BreadcrumbList\",\"@id\":\"https:\\\/\\\/www.festivalcinemaenliberte.com\\\/index.php\\\/2024\\\/06\\\/30\\\/elementor-3241\\\/#breadcrumb\",\"itemListElement\":[{\"@type\":\"ListItem\",\"position\":1,\"name\":\"Accueil\",\"item\":\"https:\\\/\\\/www.festivalcinemaenliberte.com\\\/\"},{\"@type\":\"ListItem\",\"position\":2,\"name\":\"Pr\u00e9sidente du jury\"}]},{\"@type\":\"WebSite\",\"@id\":\"https:\\\/\\\/www.festivalcinemaenliberte.com\\\/#website\",\"url\":\"https:\\\/\\\/www.festivalcinemaenliberte.com\\\/\",\"name\":\"Festival international Cin\u00e9ma en libert\u00e9\",\"description\":\"Festival international de courts m\u00e9trages\",\"publisher\":{\"@id\":\"https:\\\/\\\/www.festivalcinemaenliberte.com\\\/#organization\"},\"potentialAction\":[{\"@type\":\"SearchAction\",\"target\":{\"@type\":\"EntryPoint\",\"urlTemplate\":\"https:\\\/\\\/www.festivalcinemaenliberte.com\\\/?s={search_term_string}\"},\"query-input\":{\"@type\":\"PropertyValueSpecification\",\"valueRequired\":true,\"valueName\":\"search_term_string\"}}],\"inLanguage\":\"fr-FR\"},{\"@type\":\"Organization\",\"@id\":\"https:\\\/\\\/www.festivalcinemaenliberte.com\\\/#organization\",\"name\":\"Festival international de courts m\u00e9trages Cin\u00e9ma en libert\u00e9\",\"url\":\"https:\\\/\\\/www.festivalcinemaenliberte.com\\\/\",\"logo\":{\"@type\":\"ImageObject\",\"inLanguage\":\"fr-FR\",\"@id\":\"https:\\\/\\\/www.festivalcinemaenliberte.com\\\/#\\\/schema\\\/logo\\\/image\\\/\",\"url\":\"https:\\\/\\\/www.festivalcinemaenliberte.com\\\/wp-content\\\/uploads\\\/2024\\\/05\\\/logonew3-png.webp\",\"contentUrl\":\"https:\\\/\\\/www.festivalcinemaenliberte.com\\\/wp-content\\\/uploads\\\/2024\\\/05\\\/logonew3-png.webp\",\"width\":816,\"height\":1056,\"caption\":\"Festival international de courts m\u00e9trages Cin\u00e9ma en libert\u00e9\"},\"image\":{\"@id\":\"https:\\\/\\\/www.festivalcinemaenliberte.com\\\/#\\\/schema\\\/logo\\\/image\\\/\"},\"sameAs\":[\"https:\\\/\\\/www.facebook.com\\\/cinemaenliberte\"]},{\"@type\":\"Person\",\"@id\":\"https:\\\/\\\/www.festivalcinemaenliberte.com\\\/#\\\/schema\\\/person\\\/5caa25fe2910c389ebac9c457ed7d7ec\",\"name\":\"Festival Cin\u00e9ma en libert\u00e9\",\"image\":{\"@type\":\"ImageObject\",\"inLanguage\":\"fr-FR\",\"@id\":\"https:\\\/\\\/secure.gravatar.com\\\/avatar\\\/769d1499e06617736c3fcd1168ec294cd8e6c18fc96240b14d0b7fe87e009411?s=96&d=mm&r=g\",\"url\":\"https:\\\/\\\/secure.gravatar.com\\\/avatar\\\/769d1499e06617736c3fcd1168ec294cd8e6c18fc96240b14d0b7fe87e009411?s=96&d=mm&r=g\",\"contentUrl\":\"https:\\\/\\\/secure.gravatar.com\\\/avatar\\\/769d1499e06617736c3fcd1168ec294cd8e6c18fc96240b14d0b7fe87e009411?s=96&d=mm&r=g\",\"caption\":\"Festival Cin\u00e9ma en libert\u00e9\"},\"sameAs\":[\"http:\\\/\\\/hiregxw.cluster026.hosting.ovh.net\"],\"url\":\"https:\\\/\\\/www.festivalcinemaenliberte.com\\\/index.php\\\/author\\\/admin3911\\\/\"}]}<\/script>\n<!-- \/ Yoast SEO plugin. -->","yoast_head_json":{"title":"Pr\u00e9sidente du jury - Festival Cin\u00e9ma en libert\u00e9","robots":{"index":"index","follow":"follow","max-snippet":"max-snippet:-1","max-image-preview":"max-image-preview:large","max-video-preview":"max-video-preview:-1"},"canonical":"https:\/\/www.festivalcinemaenliberte.com\/index.php\/2024\/06\/30\/elementor-3241\/","og_locale":"fr_FR","og_type":"article","og_title":"Pr\u00e9sidente du jury - Festival Cin\u00e9ma en libert\u00e9","og_description":"ZOE FELIXPRESIDENTE DU JURY Zo\u00e9 F\u00e9lix d\u00e9bute sa carri\u00e8re d&rsquo;actrice dans \u00a0\u00bb D\u00e9j\u00e0 mort\u00a0\u00bble premier film d&rsquo;Olivier Dahan, aux c\u00f4t\u00e9s de Beno\u00eetMagimel et Romain Duris, puis tourne dans \u00ab\u00a0La beuze\u00a0\u00bbavec &hellip;","og_url":"https:\/\/www.festivalcinemaenliberte.com\/index.php\/2024\/06\/30\/elementor-3241\/","og_site_name":"Festival Cin\u00e9ma en libert\u00e9","article_publisher":"https:\/\/www.facebook.com\/cinemaenliberte","article_published_time":"2024-06-30T08:50:29+00:00","article_modified_time":"2025-10-17T14:48:31+00:00","og_image":[{"width":1000,"height":1500,"url":"https:\/\/www.festivalcinemaenliberte.com\/wp-content\/uploads\/2024\/11\/452635953_26141281995487161_506015655614441066_n.webp","type":"image\/webp"}],"author":"Festival Cin\u00e9ma en libert\u00e9","twitter_card":"summary_large_image","twitter_misc":{"\u00c9crit par":"Festival Cin\u00e9ma en libert\u00e9","Dur\u00e9e de lecture estim\u00e9e":"2 minutes"},"schema":{"@context":"https:\/\/schema.org","@graph":[{"@type":"Article","@id":"https:\/\/www.festivalcinemaenliberte.com\/index.php\/2024\/06\/30\/elementor-3241\/#article","isPartOf":{"@id":"https:\/\/www.festivalcinemaenliberte.com\/index.php\/2024\/06\/30\/elementor-3241\/"},"author":{"name":"Festival Cin\u00e9ma en libert\u00e9","@id":"https:\/\/www.festivalcinemaenliberte.com\/#\/schema\/person\/5caa25fe2910c389ebac9c457ed7d7ec"},"headline":"Pr\u00e9sidente du jury","datePublished":"2024-06-30T08:50:29+00:00","dateModified":"2025-10-17T14:48:31+00:00","mainEntityOfPage":{"@id":"https:\/\/www.festivalcinemaenliberte.com\/index.php\/2024\/06\/30\/elementor-3241\/"},"wordCount":176,"publisher":{"@id":"https:\/\/www.festivalcinemaenliberte.com\/#organization"},"image":{"@id":"https:\/\/www.festivalcinemaenliberte.com\/index.php\/2024\/06\/30\/elementor-3241\/#primaryimage"},"thumbnailUrl":"https:\/\/www.festivalcinemaenliberte.com\/wp-content\/uploads\/2024\/11\/452635953_26141281995487161_506015655614441066_n.webp","articleSection":["Actualit\u00e9s"],"inLanguage":"fr-FR"},{"@type":"WebPage","@id":"https:\/\/www.festivalcinemaenliberte.com\/index.php\/2024\/06\/30\/elementor-3241\/","url":"https:\/\/www.festivalcinemaenliberte.com\/index.php\/2024\/06\/30\/elementor-3241\/","name":"Pr\u00e9sidente du jury - Festival Cin\u00e9ma en libert\u00e9","isPartOf":{"@id":"https:\/\/www.festivalcinemaenliberte.com\/#website"},"primaryImageOfPage":{"@id":"https:\/\/www.festivalcinemaenliberte.com\/index.php\/2024\/06\/30\/elementor-3241\/#primaryimage"},"image":{"@id":"https:\/\/www.festivalcinemaenliberte.com\/index.php\/2024\/06\/30\/elementor-3241\/#primaryimage"},"thumbnailUrl":"https:\/\/www.festivalcinemaenliberte.com\/wp-content\/uploads\/2024\/11\/452635953_26141281995487161_506015655614441066_n.webp","datePublished":"2024-06-30T08:50:29+00:00","dateModified":"2025-10-17T14:48:31+00:00","breadcrumb":{"@id":"https:\/\/www.festivalcinemaenliberte.com\/index.php\/2024\/06\/30\/elementor-3241\/#breadcrumb"},"inLanguage":"fr-FR","potentialAction":[{"@type":"ReadAction","target":["https:\/\/www.festivalcinemaenliberte.com\/index.php\/2024\/06\/30\/elementor-3241\/"]}]},{"@type":"ImageObject","inLanguage":"fr-FR","@id":"https:\/\/www.festivalcinemaenliberte.com\/index.php\/2024\/06\/30\/elementor-3241\/#primaryimage","url":"https:\/\/www.festivalcinemaenliberte.com\/wp-content\/uploads\/2024\/11\/452635953_26141281995487161_506015655614441066_n.webp","contentUrl":"https:\/\/www.festivalcinemaenliberte.com\/wp-content\/uploads\/2024\/11\/452635953_26141281995487161_506015655614441066_n.webp","width":1000,"height":1500},{"@type":"BreadcrumbList","@id":"https:\/\/www.festivalcinemaenliberte.com\/index.php\/2024\/06\/30\/elementor-3241\/#breadcrumb","itemListElement":[{"@type":"ListItem","position":1,"name":"Accueil","item":"https:\/\/www.festivalcinemaenliberte.com\/"},{"@type":"ListItem","position":2,"name":"Pr\u00e9sidente du jury"}]},{"@type":"WebSite","@id":"https:\/\/www.festivalcinemaenliberte.com\/#website","url":"https:\/\/www.festivalcinemaenliberte.com\/","name":"Festival international Cin\u00e9ma en libert\u00e9","description":"Festival international de courts m\u00e9trages","publisher":{"@id":"https:\/\/www.festivalcinemaenliberte.com\/#organization"},"potentialAction":[{"@type":"SearchAction","target":{"@type":"EntryPoint","urlTemplate":"https:\/\/www.festivalcinemaenliberte.com\/?s={search_term_string}"},"query-input":{"@type":"PropertyValueSpecification","valueRequired":true,"valueName":"search_term_string"}}],"inLanguage":"fr-FR"},{"@type":"Organization","@id":"https:\/\/www.festivalcinemaenliberte.com\/#organization","name":"Festival international de courts m\u00e9trages Cin\u00e9ma en libert\u00e9","url":"https:\/\/www.festivalcinemaenliberte.com\/","logo":{"@type":"ImageObject","inLanguage":"fr-FR","@id":"https:\/\/www.festivalcinemaenliberte.com\/#\/schema\/logo\/image\/","url":"https:\/\/www.festivalcinemaenliberte.com\/wp-content\/uploads\/2024\/05\/logonew3-png.webp","contentUrl":"https:\/\/www.festivalcinemaenliberte.com\/wp-content\/uploads\/2024\/05\/logonew3-png.webp","width":816,"height":1056,"caption":"Festival international de courts m\u00e9trages Cin\u00e9ma en libert\u00e9"},"image":{"@id":"https:\/\/www.festivalcinemaenliberte.com\/#\/schema\/logo\/image\/"},"sameAs":["https:\/\/www.facebook.com\/cinemaenliberte"]},{"@type":"Person","@id":"https:\/\/www.festivalcinemaenliberte.com\/#\/schema\/person\/5caa25fe2910c389ebac9c457ed7d7ec","name":"Festival Cin\u00e9ma en libert\u00e9","image":{"@type":"ImageObject","inLanguage":"fr-FR","@id":"https:\/\/secure.gravatar.com\/avatar\/769d1499e06617736c3fcd1168ec294cd8e6c18fc96240b14d0b7fe87e009411?s=96&d=mm&r=g","url":"https:\/\/secure.gravatar.com\/avatar\/769d1499e06617736c3fcd1168ec294cd8e6c18fc96240b14d0b7fe87e009411?s=96&d=mm&r=g","contentUrl":"https:\/\/secure.gravatar.com\/avatar\/769d1499e06617736c3fcd1168ec294cd8e6c18fc96240b14d0b7fe87e009411?s=96&d=mm&r=g","caption":"Festival Cin\u00e9ma en libert\u00e9"},"sameAs":["http:\/\/hiregxw.cluster026.hosting.ovh.net"],"url":"https:\/\/www.festivalcinemaenliberte.com\/index.php\/author\/admin3911\/"}]}},"_links":{"self":[{"href":"https:\/\/www.festivalcinemaenliberte.com\/index.php\/wp-json\/wp\/v2\/posts\/3241","targetHints":{"allow":["GET"]}}],"collection":[{"href":"https:\/\/www.festivalcinemaenliberte.com\/index.php\/wp-json\/wp\/v2\/posts"}],"about":[{"href":"https:\/\/www.festivalcinemaenliberte.com\/index.php\/wp-json\/wp\/v2\/types\/post"}],"author":[{"embeddable":true,"href":"https:\/\/www.festivalcinemaenliberte.com\/index.php\/wp-json\/wp\/v2\/users\/1"}],"replies":[{"embeddable":true,"href":"https:\/\/www.festivalcinemaenliberte.com\/index.php\/wp-json\/wp\/v2\/comments?post=3241"}],"version-history":[{"count":0,"href":"https:\/\/www.festivalcinemaenliberte.com\/index.php\/wp-json\/wp\/v2\/posts\/3241\/revisions"}],"wp:featuredmedia":[{"embeddable":true,"href":"https:\/\/www.festivalcinemaenliberte.com\/index.php\/wp-json\/wp\/v2\/media\/4289"}],"wp:attachment":[{"href":"https:\/\/www.festivalcinemaenliberte.com\/index.php\/wp-json\/wp\/v2\/media?parent=3241"}],"wp:term":[{"taxonomy":"category","embeddable":true,"href":"https:\/\/www.festivalcinemaenliberte.com\/index.php\/wp-json\/wp\/v2\/categories?post=3241"},{"taxonomy":"post_tag","embeddable":true,"href":"https:\/\/www.festivalcinemaenliberte.com\/index.php\/wp-json\/wp\/v2\/tags?post=3241"}],"curies":[{"name":"wp","href":"https:\/\/api.w.org\/{rel}","templated":true}]}}