{"id":6592,"date":"2025-03-31T00:06:15","date_gmt":"2025-03-30T22:06:15","guid":{"rendered":"https:\/\/www.festivalcinemaenliberte.com\/?p=6592"},"modified":"2025-06-25T17:59:26","modified_gmt":"2025-06-25T15:59:26","slug":"fin-des-candidatures","status":"publish","type":"post","link":"https:\/\/www.festivalcinemaenliberte.com\/index.php\/2025\/03\/31\/fin-des-candidatures\/","title":{"rendered":"Fin des Candidatures"},"content":{"rendered":"\t\t<div data-elementor-type=\"wp-post\" data-elementor-id=\"6592\" class=\"elementor elementor-6592\">\n\t\t\t\t<div class=\"elementor-element elementor-element-a29ab1b e-flex e-con-boxed wpr-particle-no wpr-jarallax-no wpr-parallax-no wpr-sticky-section-no wpr-equal-height-no e-con e-parent\" data-id=\"a29ab1b\" data-element_type=\"container\" data-e-type=\"container\">\n\t\t\t\t\t<div class=\"e-con-inner\">\n\t\t\t\t<div class=\"elementor-element elementor-element-57fe8cb elementor-widget elementor-widget-spacer\" data-id=\"57fe8cb\" data-element_type=\"widget\" data-e-type=\"widget\" data-widget_type=\"spacer.default\">\n\t\t\t\t<div class=\"elementor-widget-container\">\n\t\t\t\t\t\t\t<div class=\"elementor-spacer\">\n\t\t\t<div class=\"elementor-spacer-inner\"><\/div>\n\t\t<\/div>\n\t\t\t\t\t\t<\/div>\n\t\t\t\t<\/div>\n\t\t\t\t\t<\/div>\n\t\t\t\t<\/div>\n\t\t<div class=\"elementor-element elementor-element-7cf1a60 e-flex e-con-boxed wpr-particle-no wpr-jarallax-no wpr-parallax-no wpr-sticky-section-no wpr-equal-height-no e-con e-parent\" data-id=\"7cf1a60\" data-element_type=\"container\" data-e-type=\"container\">\n\t\t\t\t\t<div class=\"e-con-inner\">\n\t\t\t\t<div class=\"elementor-element elementor-element-3b111d0 elementor-widget elementor-widget-heading\" data-id=\"3b111d0\" data-element_type=\"widget\" data-e-type=\"widget\" data-widget_type=\"heading.default\">\n\t\t\t\t<div class=\"elementor-widget-container\">\n\t\t\t\t\t<h2 class=\"elementor-heading-title elementor-size-default\">Cl\u00f4ture des Candidatures<\/h2>\t\t\t\t<\/div>\n\t\t\t\t<\/div>\n\t\t\t\t\t<\/div>\n\t\t\t\t<\/div>\n\t\t<div class=\"elementor-element elementor-element-020a8f6 e-flex e-con-boxed wpr-particle-no wpr-jarallax-no wpr-parallax-no wpr-sticky-section-no wpr-equal-height-no e-con e-parent\" data-id=\"020a8f6\" data-element_type=\"container\" data-e-type=\"container\">\n\t\t\t\t\t<div class=\"e-con-inner\">\n\t\t\t\t<div class=\"elementor-element elementor-element-4797ad4 elementor-widget elementor-widget-text-editor\" data-id=\"4797ad4\" data-element_type=\"widget\" data-e-type=\"widget\" data-widget_type=\"text-editor.default\">\n\t\t\t\t<div class=\"elementor-widget-container\">\n\t\t\t\t\t\t\t\t\t<div><p>Chers r\u00e9alisateurs et r\u00e9alisatrices,<\/p><div dir=\"auto\">\u00a0<\/div><div dir=\"auto\">La date limite pour soumettre vos courts m\u00e9trages dans le cadre de la quatorzi\u00e8me \u00e9dition du festival Cin\u00e9ma en Libert\u00e9 est d\u00e9sormais pass\u00e9e. Nous souhaitons vous remercier chaleureusement pour votre cr\u00e9ativit\u00e9 et votre engagement.<\/div><div dir=\"auto\">\u00a0<\/div><div dir=\"auto\">Vos courts m\u00e9trages nous ont captiv\u00e9s par leur diversit\u00e9, leur originalit\u00e9 et les th\u00e9matiques engag\u00e9es qu\u2019ils explorent. Gr\u00e2ce \u00e0 vos \u0153uvres, le festival continue d\u2019\u00eatre un espace de r\u00e9flexion qui met en lumi\u00e8re la vivacit\u00e9 du format court.<\/div><div dir=\"auto\">\u00a0<\/div><div dir=\"auto\">Notre \u00e9quipe poursuit avec enthousiasme le visionnage des nombreuses candidatures re\u00e7ues. Nous mettons tout en \u0153uvre pour s\u00e9lectionner les \u0153uvres qui composeront cette \u00e9dition. Nous reviendrons vers vous d\u00e8s que possible pour vous annoncer la s\u00e9lection.\u00a0<\/div><div dir=\"auto\">\u00a0<\/div><div dir=\"auto\">Merci encore pour votre confiance et \u00e0 tr\u00e8s bient\u00f4t pour la suite de cette belle aventure cin\u00e9matographique !\u00a0\u00a0<\/div><div dir=\"auto\">\u00a0<\/div><div dir=\"auto\">L\u2019\u00e9quipe du festival Cin\u00e9ma en Libert\u00e9<\/div><\/div><div><div class=\"gmail_signature\" dir=\"ltr\" data-smartmail=\"gmail_signature\"><div dir=\"ltr\"><div><div dir=\"ltr\"><div>\u00a0<\/div><\/div><\/div><\/div><\/div><\/div>\t\t\t\t\t\t\t\t<\/div>\n\t\t\t\t<\/div>\n\t\t\t\t\t<\/div>\n\t\t\t\t<\/div>\n\t\t<div class=\"elementor-element elementor-element-5d58f14 e-flex e-con-boxed wpr-particle-no wpr-jarallax-no wpr-parallax-no wpr-sticky-section-no wpr-equal-height-no e-con e-parent\" data-id=\"5d58f14\" data-element_type=\"container\" data-e-type=\"container\">\n\t\t\t\t\t<div class=\"e-con-inner\">\n\t\t\t\t<div class=\"elementor-element elementor-element-2e28dd3 elementor-widget elementor-widget-heading\" data-id=\"2e28dd3\" data-element_type=\"widget\" data-e-type=\"widget\" data-widget_type=\"heading.default\">\n\t\t\t\t<div class=\"elementor-widget-container\">\n\t\t\t\t\t<h2 class=\"elementor-heading-title elementor-size-default\">Carte des Candidatures au Festival de Court M\u00e9trage \"Cin\u00e9ma en Libert\u00e9\":<\/h2>\t\t\t\t<\/div>\n\t\t\t\t<\/div>\n\t\t\t\t\t<\/div>\n\t\t\t\t<\/div>\n\t\t<div class=\"elementor-element elementor-element-7ad14f6 e-flex e-con-boxed wpr-particle-no wpr-jarallax-no wpr-parallax-no wpr-sticky-section-no wpr-equal-height-no e-con e-parent\" data-id=\"7ad14f6\" data-element_type=\"container\" data-e-type=\"container\">\n\t\t\t\t\t<div class=\"e-con-inner\">\n\t\t\t\t<div class=\"elementor-element elementor-element-53c0b8a elementor-widget__width-inherit elementor-widget elementor-widget-html\" data-id=\"53c0b8a\" data-element_type=\"widget\" data-e-type=\"widget\" data-widget_type=\"html.default\">\n\t\t\t\t<div class=\"elementor-widget-container\">\n\t\t\t\t\t<!DOCTYPE html>\r\n<html>\r\n<head>\r\n    <title>Carte interactive<\/title>\r\n<\/head>\r\n<body>\r\n    <!-- Graphique interactif de Locker Studio -->\r\n    <iframe id=\"reportFrame\" width=\"600\" height=\"450\" src=\"https:\/\/lookerstudio.google.com\/embed\/reporting\/a4a392d5-b907-4725-aec6-7e5b0a71361e\/page\/mAIFF\" \r\n        frameborder=\"0\" style=\"border:0\" allowfullscreen sandbox=\"allow-storage-access-by-user-activation allow-scripts allow-same-origin allow-popups allow-popups-to-escape-sandbox\"><\/iframe>\r\n\r\n    <!-- Bouton \"Actualiser la carte\" -->\r\n    <button onclick=\"resetMap()\">Actualiser la carte<\/button>\r\n\r\n    <script>\r\n        function resetMap() {\r\n            \/\/ R\u00e9initialise l'iframe en rechargeant sa source\r\n            const iframe = document.getElementById('reportFrame');\r\n            iframe.src = iframe.src;\r\n        }\r\n    <\/script>\r\n<\/body>\r\n<\/html>\r\n\t\t\t\t<\/div>\n\t\t\t\t<\/div>\n\t\t\t\t\t<\/div>\n\t\t\t\t<\/div>\n\t\t\t\t<\/div>\n\t\t","protected":false},"excerpt":{"rendered":"<p>Cl\u00f4ture des Candidatures Chers r\u00e9alisateurs et r\u00e9alisatrices, \u00a0La date limite pour soumettre vos courts m\u00e9trages dans le cadre de la quatorzi\u00e8me \u00e9dition du festival Cin\u00e9ma en Libert\u00e9 est d\u00e9sormais pass\u00e9e. &hellip;<\/p>\n","protected":false},"author":1,"featured_media":6604,"comment_status":"closed","ping_status":"open","sticky":false,"template":"","format":"standard","meta":{"footnotes":""},"categories":[5,1],"tags":[],"class_list":["post-6592","post","type-post","status-publish","format-standard","has-post-thumbnail","hentry","category-actualites","category-non-classe"],"yoast_head":"<!-- This site is optimized with the Yoast SEO plugin v27.4 - https:\/\/yoast.com\/product\/yoast-seo-wordpress\/ -->\n<title>Fin des Candidatures - Festival Cin\u00e9ma en libert\u00e9<\/title>\n<meta name=\"robots\" content=\"index, follow, max-snippet:-1, max-image-preview:large, max-video-preview:-1\" \/>\n<link rel=\"canonical\" href=\"https:\/\/www.festivalcinemaenliberte.com\/index.php\/2025\/03\/31\/fin-des-candidatures\/\" \/>\n<meta property=\"og:locale\" content=\"fr_FR\" \/>\n<meta property=\"og:type\" content=\"article\" \/>\n<meta property=\"og:title\" content=\"Fin des Candidatures - Festival Cin\u00e9ma en libert\u00e9\" \/>\n<meta property=\"og:description\" content=\"Cl\u00f4ture des Candidatures Chers r\u00e9alisateurs et r\u00e9alisatrices, \u00a0La date limite pour soumettre vos courts m\u00e9trages dans le cadre de la quatorzi\u00e8me \u00e9dition du festival Cin\u00e9ma en Libert\u00e9 est d\u00e9sormais pass\u00e9e. &hellip;\" \/>\n<meta property=\"og:url\" content=\"https:\/\/www.festivalcinemaenliberte.com\/index.php\/2025\/03\/31\/fin-des-candidatures\/\" \/>\n<meta property=\"og:site_name\" content=\"Festival Cin\u00e9ma en libert\u00e9\" \/>\n<meta property=\"article:publisher\" content=\"https:\/\/www.facebook.com\/cinemaenliberte\" \/>\n<meta property=\"article:published_time\" content=\"2025-03-30T22:06:15+00:00\" \/>\n<meta property=\"article:modified_time\" content=\"2025-06-25T15:59:26+00:00\" \/>\n<meta property=\"og:image\" content=\"https:\/\/www.festivalcinemaenliberte.com\/wp-content\/uploads\/2025\/03\/cloturecandidat1-png.webp\" \/>\n\t<meta property=\"og:image:width\" content=\"300\" \/>\n\t<meta property=\"og:image:height\" content=\"300\" \/>\n\t<meta property=\"og:image:type\" content=\"image\/png\" \/>\n<meta name=\"author\" content=\"Festival Cin\u00e9ma en libert\u00e9\" \/>\n<meta name=\"twitter:card\" content=\"summary_large_image\" \/>\n<meta name=\"twitter:label1\" content=\"\u00c9crit par\" \/>\n\t<meta name=\"twitter:data1\" content=\"Festival Cin\u00e9ma en libert\u00e9\" \/>\n\t<meta name=\"twitter:label2\" content=\"Dur\u00e9e de lecture estim\u00e9e\" \/>\n\t<meta name=\"twitter:data2\" content=\"1 minute\" \/>\n<script type=\"application\/ld+json\" class=\"yoast-schema-graph\">{\"@context\":\"https:\\\/\\\/schema.org\",\"@graph\":[{\"@type\":\"Article\",\"@id\":\"https:\\\/\\\/www.festivalcinemaenliberte.com\\\/index.php\\\/2025\\\/03\\\/31\\\/fin-des-candidatures\\\/#article\",\"isPartOf\":{\"@id\":\"https:\\\/\\\/www.festivalcinemaenliberte.com\\\/index.php\\\/2025\\\/03\\\/31\\\/fin-des-candidatures\\\/\"},\"author\":{\"name\":\"Festival Cin\u00e9ma en libert\u00e9\",\"@id\":\"https:\\\/\\\/www.festivalcinemaenliberte.com\\\/#\\\/schema\\\/person\\\/5caa25fe2910c389ebac9c457ed7d7ec\"},\"headline\":\"Fin des Candidatures\",\"datePublished\":\"2025-03-30T22:06:15+00:00\",\"dateModified\":\"2025-06-25T15:59:26+00:00\",\"mainEntityOfPage\":{\"@id\":\"https:\\\/\\\/www.festivalcinemaenliberte.com\\\/index.php\\\/2025\\\/03\\\/31\\\/fin-des-candidatures\\\/\"},\"wordCount\":184,\"publisher\":{\"@id\":\"https:\\\/\\\/www.festivalcinemaenliberte.com\\\/#organization\"},\"image\":{\"@id\":\"https:\\\/\\\/www.festivalcinemaenliberte.com\\\/index.php\\\/2025\\\/03\\\/31\\\/fin-des-candidatures\\\/#primaryimage\"},\"thumbnailUrl\":\"https:\\\/\\\/www.festivalcinemaenliberte.com\\\/wp-content\\\/uploads\\\/2025\\\/03\\\/cloturecandidat1-png.webp\",\"articleSection\":[\"Actualit\u00e9s\"],\"inLanguage\":\"fr-FR\"},{\"@type\":\"WebPage\",\"@id\":\"https:\\\/\\\/www.festivalcinemaenliberte.com\\\/index.php\\\/2025\\\/03\\\/31\\\/fin-des-candidatures\\\/\",\"url\":\"https:\\\/\\\/www.festivalcinemaenliberte.com\\\/index.php\\\/2025\\\/03\\\/31\\\/fin-des-candidatures\\\/\",\"name\":\"Fin des Candidatures - Festival Cin\u00e9ma en libert\u00e9\",\"isPartOf\":{\"@id\":\"https:\\\/\\\/www.festivalcinemaenliberte.com\\\/#website\"},\"primaryImageOfPage\":{\"@id\":\"https:\\\/\\\/www.festivalcinemaenliberte.com\\\/index.php\\\/2025\\\/03\\\/31\\\/fin-des-candidatures\\\/#primaryimage\"},\"image\":{\"@id\":\"https:\\\/\\\/www.festivalcinemaenliberte.com\\\/index.php\\\/2025\\\/03\\\/31\\\/fin-des-candidatures\\\/#primaryimage\"},\"thumbnailUrl\":\"https:\\\/\\\/www.festivalcinemaenliberte.com\\\/wp-content\\\/uploads\\\/2025\\\/03\\\/cloturecandidat1-png.webp\",\"datePublished\":\"2025-03-30T22:06:15+00:00\",\"dateModified\":\"2025-06-25T15:59:26+00:00\",\"breadcrumb\":{\"@id\":\"https:\\\/\\\/www.festivalcinemaenliberte.com\\\/index.php\\\/2025\\\/03\\\/31\\\/fin-des-candidatures\\\/#breadcrumb\"},\"inLanguage\":\"fr-FR\",\"potentialAction\":[{\"@type\":\"ReadAction\",\"target\":[\"https:\\\/\\\/www.festivalcinemaenliberte.com\\\/index.php\\\/2025\\\/03\\\/31\\\/fin-des-candidatures\\\/\"]}]},{\"@type\":\"ImageObject\",\"inLanguage\":\"fr-FR\",\"@id\":\"https:\\\/\\\/www.festivalcinemaenliberte.com\\\/index.php\\\/2025\\\/03\\\/31\\\/fin-des-candidatures\\\/#primaryimage\",\"url\":\"https:\\\/\\\/www.festivalcinemaenliberte.com\\\/wp-content\\\/uploads\\\/2025\\\/03\\\/cloturecandidat1-png.webp\",\"contentUrl\":\"https:\\\/\\\/www.festivalcinemaenliberte.com\\\/wp-content\\\/uploads\\\/2025\\\/03\\\/cloturecandidat1-png.webp\",\"width\":300,\"height\":300},{\"@type\":\"BreadcrumbList\",\"@id\":\"https:\\\/\\\/www.festivalcinemaenliberte.com\\\/index.php\\\/2025\\\/03\\\/31\\\/fin-des-candidatures\\\/#breadcrumb\",\"itemListElement\":[{\"@type\":\"ListItem\",\"position\":1,\"name\":\"Accueil\",\"item\":\"https:\\\/\\\/www.festivalcinemaenliberte.com\\\/\"},{\"@type\":\"ListItem\",\"position\":2,\"name\":\"Fin des Candidatures\"}]},{\"@type\":\"WebSite\",\"@id\":\"https:\\\/\\\/www.festivalcinemaenliberte.com\\\/#website\",\"url\":\"https:\\\/\\\/www.festivalcinemaenliberte.com\\\/\",\"name\":\"Festival international Cin\u00e9ma en libert\u00e9\",\"description\":\"Festival international de courts m\u00e9trages\",\"publisher\":{\"@id\":\"https:\\\/\\\/www.festivalcinemaenliberte.com\\\/#organization\"},\"potentialAction\":[{\"@type\":\"SearchAction\",\"target\":{\"@type\":\"EntryPoint\",\"urlTemplate\":\"https:\\\/\\\/www.festivalcinemaenliberte.com\\\/?s={search_term_string}\"},\"query-input\":{\"@type\":\"PropertyValueSpecification\",\"valueRequired\":true,\"valueName\":\"search_term_string\"}}],\"inLanguage\":\"fr-FR\"},{\"@type\":\"Organization\",\"@id\":\"https:\\\/\\\/www.festivalcinemaenliberte.com\\\/#organization\",\"name\":\"Festival international de courts m\u00e9trages Cin\u00e9ma en libert\u00e9\",\"url\":\"https:\\\/\\\/www.festivalcinemaenliberte.com\\\/\",\"logo\":{\"@type\":\"ImageObject\",\"inLanguage\":\"fr-FR\",\"@id\":\"https:\\\/\\\/www.festivalcinemaenliberte.com\\\/#\\\/schema\\\/logo\\\/image\\\/\",\"url\":\"https:\\\/\\\/www.festivalcinemaenliberte.com\\\/wp-content\\\/uploads\\\/2024\\\/05\\\/logonew3-png.webp\",\"contentUrl\":\"https:\\\/\\\/www.festivalcinemaenliberte.com\\\/wp-content\\\/uploads\\\/2024\\\/05\\\/logonew3-png.webp\",\"width\":816,\"height\":1056,\"caption\":\"Festival international de courts m\u00e9trages Cin\u00e9ma en libert\u00e9\"},\"image\":{\"@id\":\"https:\\\/\\\/www.festivalcinemaenliberte.com\\\/#\\\/schema\\\/logo\\\/image\\\/\"},\"sameAs\":[\"https:\\\/\\\/www.facebook.com\\\/cinemaenliberte\"]},{\"@type\":\"Person\",\"@id\":\"https:\\\/\\\/www.festivalcinemaenliberte.com\\\/#\\\/schema\\\/person\\\/5caa25fe2910c389ebac9c457ed7d7ec\",\"name\":\"Festival Cin\u00e9ma en libert\u00e9\",\"image\":{\"@type\":\"ImageObject\",\"inLanguage\":\"fr-FR\",\"@id\":\"https:\\\/\\\/secure.gravatar.com\\\/avatar\\\/769d1499e06617736c3fcd1168ec294cd8e6c18fc96240b14d0b7fe87e009411?s=96&d=mm&r=g\",\"url\":\"https:\\\/\\\/secure.gravatar.com\\\/avatar\\\/769d1499e06617736c3fcd1168ec294cd8e6c18fc96240b14d0b7fe87e009411?s=96&d=mm&r=g\",\"contentUrl\":\"https:\\\/\\\/secure.gravatar.com\\\/avatar\\\/769d1499e06617736c3fcd1168ec294cd8e6c18fc96240b14d0b7fe87e009411?s=96&d=mm&r=g\",\"caption\":\"Festival Cin\u00e9ma en libert\u00e9\"},\"sameAs\":[\"http:\\\/\\\/hiregxw.cluster026.hosting.ovh.net\"],\"url\":\"https:\\\/\\\/www.festivalcinemaenliberte.com\\\/index.php\\\/author\\\/admin3911\\\/\"}]}<\/script>\n<!-- \/ Yoast SEO plugin. -->","yoast_head_json":{"title":"Fin des Candidatures - Festival Cin\u00e9ma en libert\u00e9","robots":{"index":"index","follow":"follow","max-snippet":"max-snippet:-1","max-image-preview":"max-image-preview:large","max-video-preview":"max-video-preview:-1"},"canonical":"https:\/\/www.festivalcinemaenliberte.com\/index.php\/2025\/03\/31\/fin-des-candidatures\/","og_locale":"fr_FR","og_type":"article","og_title":"Fin des Candidatures - Festival Cin\u00e9ma en libert\u00e9","og_description":"Cl\u00f4ture des Candidatures Chers r\u00e9alisateurs et r\u00e9alisatrices, \u00a0La date limite pour soumettre vos courts m\u00e9trages dans le cadre de la quatorzi\u00e8me \u00e9dition du festival Cin\u00e9ma en Libert\u00e9 est d\u00e9sormais pass\u00e9e. &hellip;","og_url":"https:\/\/www.festivalcinemaenliberte.com\/index.php\/2025\/03\/31\/fin-des-candidatures\/","og_site_name":"Festival Cin\u00e9ma en libert\u00e9","article_publisher":"https:\/\/www.facebook.com\/cinemaenliberte","article_published_time":"2025-03-30T22:06:15+00:00","article_modified_time":"2025-06-25T15:59:26+00:00","og_image":[{"width":300,"height":300,"url":"https:\/\/www.festivalcinemaenliberte.com\/wp-content\/uploads\/2025\/03\/cloturecandidat1-png.webp","type":"image\/png"}],"author":"Festival Cin\u00e9ma en libert\u00e9","twitter_card":"summary_large_image","twitter_misc":{"\u00c9crit par":"Festival Cin\u00e9ma en libert\u00e9","Dur\u00e9e de lecture estim\u00e9e":"1 minute"},"schema":{"@context":"https:\/\/schema.org","@graph":[{"@type":"Article","@id":"https:\/\/www.festivalcinemaenliberte.com\/index.php\/2025\/03\/31\/fin-des-candidatures\/#article","isPartOf":{"@id":"https:\/\/www.festivalcinemaenliberte.com\/index.php\/2025\/03\/31\/fin-des-candidatures\/"},"author":{"name":"Festival Cin\u00e9ma en libert\u00e9","@id":"https:\/\/www.festivalcinemaenliberte.com\/#\/schema\/person\/5caa25fe2910c389ebac9c457ed7d7ec"},"headline":"Fin des Candidatures","datePublished":"2025-03-30T22:06:15+00:00","dateModified":"2025-06-25T15:59:26+00:00","mainEntityOfPage":{"@id":"https:\/\/www.festivalcinemaenliberte.com\/index.php\/2025\/03\/31\/fin-des-candidatures\/"},"wordCount":184,"publisher":{"@id":"https:\/\/www.festivalcinemaenliberte.com\/#organization"},"image":{"@id":"https:\/\/www.festivalcinemaenliberte.com\/index.php\/2025\/03\/31\/fin-des-candidatures\/#primaryimage"},"thumbnailUrl":"https:\/\/www.festivalcinemaenliberte.com\/wp-content\/uploads\/2025\/03\/cloturecandidat1-png.webp","articleSection":["Actualit\u00e9s"],"inLanguage":"fr-FR"},{"@type":"WebPage","@id":"https:\/\/www.festivalcinemaenliberte.com\/index.php\/2025\/03\/31\/fin-des-candidatures\/","url":"https:\/\/www.festivalcinemaenliberte.com\/index.php\/2025\/03\/31\/fin-des-candidatures\/","name":"Fin des Candidatures - Festival Cin\u00e9ma en libert\u00e9","isPartOf":{"@id":"https:\/\/www.festivalcinemaenliberte.com\/#website"},"primaryImageOfPage":{"@id":"https:\/\/www.festivalcinemaenliberte.com\/index.php\/2025\/03\/31\/fin-des-candidatures\/#primaryimage"},"image":{"@id":"https:\/\/www.festivalcinemaenliberte.com\/index.php\/2025\/03\/31\/fin-des-candidatures\/#primaryimage"},"thumbnailUrl":"https:\/\/www.festivalcinemaenliberte.com\/wp-content\/uploads\/2025\/03\/cloturecandidat1-png.webp","datePublished":"2025-03-30T22:06:15+00:00","dateModified":"2025-06-25T15:59:26+00:00","breadcrumb":{"@id":"https:\/\/www.festivalcinemaenliberte.com\/index.php\/2025\/03\/31\/fin-des-candidatures\/#breadcrumb"},"inLanguage":"fr-FR","potentialAction":[{"@type":"ReadAction","target":["https:\/\/www.festivalcinemaenliberte.com\/index.php\/2025\/03\/31\/fin-des-candidatures\/"]}]},{"@type":"ImageObject","inLanguage":"fr-FR","@id":"https:\/\/www.festivalcinemaenliberte.com\/index.php\/2025\/03\/31\/fin-des-candidatures\/#primaryimage","url":"https:\/\/www.festivalcinemaenliberte.com\/wp-content\/uploads\/2025\/03\/cloturecandidat1-png.webp","contentUrl":"https:\/\/www.festivalcinemaenliberte.com\/wp-content\/uploads\/2025\/03\/cloturecandidat1-png.webp","width":300,"height":300},{"@type":"BreadcrumbList","@id":"https:\/\/www.festivalcinemaenliberte.com\/index.php\/2025\/03\/31\/fin-des-candidatures\/#breadcrumb","itemListElement":[{"@type":"ListItem","position":1,"name":"Accueil","item":"https:\/\/www.festivalcinemaenliberte.com\/"},{"@type":"ListItem","position":2,"name":"Fin des Candidatures"}]},{"@type":"WebSite","@id":"https:\/\/www.festivalcinemaenliberte.com\/#website","url":"https:\/\/www.festivalcinemaenliberte.com\/","name":"Festival international Cin\u00e9ma en libert\u00e9","description":"Festival international de courts m\u00e9trages","publisher":{"@id":"https:\/\/www.festivalcinemaenliberte.com\/#organization"},"potentialAction":[{"@type":"SearchAction","target":{"@type":"EntryPoint","urlTemplate":"https:\/\/www.festivalcinemaenliberte.com\/?s={search_term_string}"},"query-input":{"@type":"PropertyValueSpecification","valueRequired":true,"valueName":"search_term_string"}}],"inLanguage":"fr-FR"},{"@type":"Organization","@id":"https:\/\/www.festivalcinemaenliberte.com\/#organization","name":"Festival international de courts m\u00e9trages Cin\u00e9ma en libert\u00e9","url":"https:\/\/www.festivalcinemaenliberte.com\/","logo":{"@type":"ImageObject","inLanguage":"fr-FR","@id":"https:\/\/www.festivalcinemaenliberte.com\/#\/schema\/logo\/image\/","url":"https:\/\/www.festivalcinemaenliberte.com\/wp-content\/uploads\/2024\/05\/logonew3-png.webp","contentUrl":"https:\/\/www.festivalcinemaenliberte.com\/wp-content\/uploads\/2024\/05\/logonew3-png.webp","width":816,"height":1056,"caption":"Festival international de courts m\u00e9trages Cin\u00e9ma en libert\u00e9"},"image":{"@id":"https:\/\/www.festivalcinemaenliberte.com\/#\/schema\/logo\/image\/"},"sameAs":["https:\/\/www.facebook.com\/cinemaenliberte"]},{"@type":"Person","@id":"https:\/\/www.festivalcinemaenliberte.com\/#\/schema\/person\/5caa25fe2910c389ebac9c457ed7d7ec","name":"Festival Cin\u00e9ma en libert\u00e9","image":{"@type":"ImageObject","inLanguage":"fr-FR","@id":"https:\/\/secure.gravatar.com\/avatar\/769d1499e06617736c3fcd1168ec294cd8e6c18fc96240b14d0b7fe87e009411?s=96&d=mm&r=g","url":"https:\/\/secure.gravatar.com\/avatar\/769d1499e06617736c3fcd1168ec294cd8e6c18fc96240b14d0b7fe87e009411?s=96&d=mm&r=g","contentUrl":"https:\/\/secure.gravatar.com\/avatar\/769d1499e06617736c3fcd1168ec294cd8e6c18fc96240b14d0b7fe87e009411?s=96&d=mm&r=g","caption":"Festival Cin\u00e9ma en libert\u00e9"},"sameAs":["http:\/\/hiregxw.cluster026.hosting.ovh.net"],"url":"https:\/\/www.festivalcinemaenliberte.com\/index.php\/author\/admin3911\/"}]}},"_links":{"self":[{"href":"https:\/\/www.festivalcinemaenliberte.com\/index.php\/wp-json\/wp\/v2\/posts\/6592","targetHints":{"allow":["GET"]}}],"collection":[{"href":"https:\/\/www.festivalcinemaenliberte.com\/index.php\/wp-json\/wp\/v2\/posts"}],"about":[{"href":"https:\/\/www.festivalcinemaenliberte.com\/index.php\/wp-json\/wp\/v2\/types\/post"}],"author":[{"embeddable":true,"href":"https:\/\/www.festivalcinemaenliberte.com\/index.php\/wp-json\/wp\/v2\/users\/1"}],"replies":[{"embeddable":true,"href":"https:\/\/www.festivalcinemaenliberte.com\/index.php\/wp-json\/wp\/v2\/comments?post=6592"}],"version-history":[{"count":0,"href":"https:\/\/www.festivalcinemaenliberte.com\/index.php\/wp-json\/wp\/v2\/posts\/6592\/revisions"}],"wp:featuredmedia":[{"embeddable":true,"href":"https:\/\/www.festivalcinemaenliberte.com\/index.php\/wp-json\/wp\/v2\/media\/6604"}],"wp:attachment":[{"href":"https:\/\/www.festivalcinemaenliberte.com\/index.php\/wp-json\/wp\/v2\/media?parent=6592"}],"wp:term":[{"taxonomy":"category","embeddable":true,"href":"https:\/\/www.festivalcinemaenliberte.com\/index.php\/wp-json\/wp\/v2\/categories?post=6592"},{"taxonomy":"post_tag","embeddable":true,"href":"https:\/\/www.festivalcinemaenliberte.com\/index.php\/wp-json\/wp\/v2\/tags?post=6592"}],"curies":[{"name":"wp","href":"https:\/\/api.w.org\/{rel}","templated":true}]}}